{"id":71,"date":"2022-06-05T06:00:24","date_gmt":"2022-06-05T06:00:24","guid":{"rendered":"http:\/\/alumniberoleon.org\/index.php\/2018\/11\/09\/samuel-life-in-other-word\/"},"modified":"2022-07-19T20:07:28","modified_gmt":"2022-07-20T02:07:28","slug":"que-es-el-magis-ignaciano","status":"publish","type":"post","link":"https:\/\/alumniberoleon.org\/index.php\/2022\/06\/05\/que-es-el-magis-ignaciano\/","title":{"rendered":"\u00bfQu\u00e9 es el Magis Ignaciano?"},"content":{"rendered":"\t\t<div data-elementor-type=\"wp-post\" data-elementor-id=\"71\" class=\"elementor elementor-71\">\n\t\t\t\t\t\t<section class=\"elementor-section elementor-top-section elementor-element elementor-element-53db90c2 elementor-section-boxed elementor-section-height-default elementor-section-height-default\" data-id=\"53db90c2\" data-element_type=\"section\">\n\t\t\t\t\t\t<div class=\"elementor-container elementor-column-gap-default\">\n\t\t\t\t\t<div class=\"elementor-column elementor-col-100 elementor-top-column elementor-element elementor-element-19a7159b\" data-id=\"19a7159b\" data-element_type=\"column\">\n\t\t\t<div class=\"elementor-widget-wrap elementor-element-populated\">\n\t\t\t\t\t\t<section class=\"elementor-section elementor-inner-section elementor-element elementor-element-751dea7 elementor-section-boxed elementor-section-height-default elementor-section-height-default\" data-id=\"751dea7\" data-element_type=\"section\">\n\t\t\t\t\t\t<div class=\"elementor-container elementor-column-gap-default\">\n\t\t\t\t\t<div class=\"elementor-column elementor-col-50 elementor-inner-column elementor-element elementor-element-195b73e\" data-id=\"195b73e\" data-element_type=\"column\">\n\t\t\t<div class=\"elementor-widget-wrap elementor-element-populated\">\n\t\t\t\t\t\t<div class=\"elementor-element elementor-element-a2c53e4 elementor-widget elementor-widget-text-editor\" data-id=\"a2c53e4\" data-element_type=\"widget\" data-widget_type=\"text-editor.default\">\n\t\t\t\t\t\t\t\t\t<h1 style=\"letter-spacing: normal;\">Conociendo el Magis Ignaciano<\/h1>\n<p>Quiz\u00e1s en alguna ocasi\u00f3n habr\u00e1s escuchado la palabra &#8216;Magis Ignaciono&#8217; o simplemente &#8216;Magis&#8217;, pero \u00bfsabes realmente qu\u00e9 significa?, hoy queremos platicarte en qu\u00e9 consiste y como puedes integrarlo en tu vida.<\/p>\n<p>El Magis ignaciano es un t\u00e9rmino en lat\u00edn que puede traducirse como \u00abel m\u00e1s\u00bb. Esta palabra fue acu\u00f1ada por San Ignacio de Loyola, el fundador de los jesuitas. El Magis ignaciano no es s\u00f3lo hacer m\u00e1s o mejor, sino tambi\u00e9n hacer las cosas de la mejor manera posible y para mayor gloria de Dios.<\/p>\n<p>En t\u00e9rminos pr\u00e1cticos, esto significa que debemos esforzarnos siempre por hacer lo mejor posible, no s\u00f3lo en nuestros estudios o trabajo, sino tambi\u00e9n en nuestras relaciones con los dem\u00e1s y con Dios. Significa vivir la vida al m\u00e1ximo y tomar decisiones basadas en lo que nos llevar\u00e1 a una relaci\u00f3n m\u00e1s profunda con Dios.<\/p>\t\t\t\t\t\t\t\t<\/div>\n\t\t\t\t\t<\/div>\n\t\t<\/div>\n\t\t\t\t<div class=\"elementor-column elementor-col-50 elementor-inner-column elementor-element elementor-element-2266da9\" data-id=\"2266da9\" data-element_type=\"column\">\n\t\t\t<div class=\"elementor-widget-wrap elementor-element-populated\">\n\t\t\t\t\t\t<div class=\"elementor-element elementor-element-8a7ebfb elementor-widget elementor-widget-image\" data-id=\"8a7ebfb\" data-element_type=\"widget\" data-widget_type=\"image.default\">\n\t\t\t\t\t\t\t\t\t\t\t\t\t\t\t<img fetchpriority=\"high\" decoding=\"async\" width=\"768\" height=\"479\" src=\"https:\/\/alumniberoleon.org\/wp-content\/uploads\/2022\/06\/chico-pensando-e1654751370392-768x479.jpg\" class=\"attachment-medium_large size-medium_large wp-image-216\" alt=\"\" \/>\t\t\t\t\t\t\t\t\t\t\t\t\t\t\t<\/div>\n\t\t\t\t\t<\/div>\n\t\t<\/div>\n\t\t\t\t\t<\/div>\n\t\t<\/section>\n\t\t\t\t<div class=\"elementor-element elementor-element-431f9d7d elementor-widget elementor-widget-text-editor\" data-id=\"431f9d7d\" data-element_type=\"widget\" data-widget_type=\"text-editor.default\">\n\t\t\t\t\t\t\t\t\t<h2>\u00bfC\u00f3mo puedo incorporar el Magis Ignaciano en mi vida?<\/h2>\n<p>Si quieres empezar a incorporar el Magis en tu vida, un buen punto de partida es echar un vistazo a tus prioridades. \u00bfEst\u00e1s dando la mayor importancia a las cosas que son verdaderamente importantes? Una vez que tengas tus prioridades en orden, puedes empezar a hacer peque\u00f1os cambios en tu rutina diaria que te llevar\u00e1n a un mayor amor a Dios y a los dem\u00e1s.<\/p>\n<p>Una forma de hacerlo es reservando un tiempo cada d\u00eda para la oraci\u00f3n y la reflexi\u00f3n. Esto no significa necesariamente pasar horas en oraci\u00f3n; incluso cinco o diez minutos de contemplaci\u00f3n tranquila pueden marcar la diferencia. Tambi\u00e9n puedes tratar de ser m\u00e1s intencional sobre la forma en que pasas tu tiempo y c\u00f3mo tratas a los dem\u00e1s. Otra opci\u00f3n m\u00e1s es hacer <a href=\"https:\/\/alumniberoleon.org\/index.php\/voluntariado\/\">voluntariado<\/a> en beneficio de la causa que m\u00e1s te interese. Preg\u00fantate si lo que haces te acerca a Dios o te aleja de \u00e9l.<\/p>\n<p>Conseguir el <a href=\"https:\/\/espiritualidadignaciana.org\/magis\/\">Magis<\/a> no tiene por qu\u00e9 ser complicado; puede ser tan sencillo como hacer un esfuerzo consciente para crecer en tu relaci\u00f3n con Dios. Lo importante es buscar siempre la excelencia y hacer todo para la mayor gloria de Dios.<\/p>\n<p>\u00bfQu\u00e9 otras formas se te ocurren para incorporar el Magis ignaciano a tu vida? Comparte tus ideas en los comentarios.<\/p>\n<p><\/p>\t\t\t\t\t\t\t\t<\/div>\n\t\t\t\t\t<\/div>\n\t\t<\/div>\n\t\t\t\t\t<\/div>\n\t\t<\/section>\n\t\t\t\t<section class=\"elementor-section elementor-top-section elementor-element elementor-element-a231e7f elementor-section-boxed elementor-section-height-default elementor-section-height-default\" data-id=\"a231e7f\" data-element_type=\"section\">\n\t\t\t\t\t\t<div class=\"elementor-container elementor-column-gap-default\">\n\t\t\t\t\t<div class=\"elementor-column elementor-col-100 elementor-top-column elementor-element elementor-element-8c7dd1b\" data-id=\"8c7dd1b\" data-element_type=\"column\">\n\t\t\t<div class=\"elementor-widget-wrap elementor-element-populated\">\n\t\t\t\t\t\t<section class=\"elementor-section elementor-inner-section elementor-element elementor-element-1c51a66 elementor-section-boxed elementor-section-height-default elementor-section-height-default\" data-id=\"1c51a66\" data-element_type=\"section\">\n\t\t\t\t\t\t<div class=\"elementor-container elementor-column-gap-default\">\n\t\t\t\t\t<div class=\"elementor-column elementor-col-50 elementor-inner-column elementor-element elementor-element-0048832\" data-id=\"0048832\" data-element_type=\"column\">\n\t\t\t<div class=\"elementor-widget-wrap elementor-element-populated\">\n\t\t\t\t\t\t<div class=\"elementor-element elementor-element-3f1500d elementor-widget elementor-widget-bdt-member\" data-id=\"3f1500d\" data-element_type=\"widget\" data-widget_type=\"bdt-member.bdt-partait\">\n\t\t\t\t<div class=\"elementor-widget-container\">\n\t\t\t\t\t\t\t<div class=\"bdt-member bdt-member-skin-partait\">\n\t\t\t<div class=\"bdt-grid bdt-grid-collapse bdt-child-width-1-2@m\" data-bdt-grid>\n\t\t\n\t\t\t\t\t<div class=\"bdt-member-photo-wrapper bdt-image-mask\">\n\n\t\t\t\t\t\t\n\t\t\t\t\t\t<div class=\"bdt-member-photo\">\n\t\t\t\t\t\t\t<div class=\"\">\n\t\t\t\t\t\t\t\t<img decoding=\"async\" src=\"https:\/\/alumniberoleon.org\/wp-content\/uploads\/2022\/06\/mario-mondragon.jpg\" title=\"mario-mondragon\" alt=\"mario-mondragon\" loading=\"lazy\" \/>\t\t\t\t\t\t\t<\/div>\n\t\t\t\t\t\t<\/div>\n\n\t\t\t\t\t\t\n\t\t\t\t\t<\/div>\n\t\t\t\t\t\n\t\t\t\t\n\t\t\t\t<div class=\"bdt-member-desc bdt-position-relative\">\n\t\t\t\t\t<div class=\"bdt-position-center bdt-text-center bdt-member-desc-wrapper\">\n\t\t\t\t\t\t<div class=\"bdt-member-description\">\n\t\t\t\t\t\t\t\t\t\t\t\t\t\t\t<span class=\"bdt-member-name\">Mario Alberto Mondrag\u00f3n<\/span>\n\t\t\t\t\t\t\t\n\t\t\t\t\t\t\t\t\t\t\t\t\t\t\t<span class=\"bdt-member-role\"> Presidente ALUMNI Ibero Le\u00f3n 2022-2023<\/span>\n\t\t\t\t\t\t\t\t\t\t\t\t\t\t\n\t\t\t\t\t\t\t\t\t\t\t\t\t\t\t<div class=\"bdt-member-text bdt-content-wrap\">Administrador de empresas y Maestro en Dise\u00f1o de proyectos educativos virtuales. Director de Brainfood, agencia en los giros de marketing, educaci\u00f3n y viajes.<\/div>\n\t\t\t\t\t\t\t\t\t\t\t\t\t<\/div>\n\t\t\t\t\t\t\n\t\t\t\t\t\t\t\t\t\t\t\t<div class=\"bdt-member-icons\">\n\t\t\t\t\t\t\t\t\t\t\t\t\t\t\t<a href=\"https:\/\/twitter.com\/mariomondra\" class=\"bdt-member-icon elementor-repeater-item-6f8d7aa\" target=\"_blank\" title=\"Twitter\" \n\t\t\t\t\t\t\t\t data-bdt-tooltip>\n\t\t\t\t\t\t\t\t\t\n\t\t\t\t\t\t\t\t\t<svg aria-hidden=\"true\" class=\"fa-fw e-font-icon-svg e-fab-twitter\" viewBox=\"0 0 512 512\" xmlns=\"http:\/\/www.w3.org\/2000\/svg\"><path d=\"M459.37 151.716c.325 4.548.325 9.097.325 13.645 0 138.72-105.583 298.558-298.558 298.558-59.452 0-114.68-17.219-161.137-47.106 8.447.974 16.568 1.299 25.34 1.299 49.055 0 94.213-16.568 130.274-44.832-46.132-.975-84.792-31.188-98.112-72.772 6.498.974 12.995 1.624 19.818 1.624 9.421 0 18.843-1.3 27.614-3.573-48.081-9.747-84.143-51.98-84.143-102.985v-1.299c13.969 7.797 30.214 12.67 47.431 13.319-28.264-18.843-46.781-51.005-46.781-87.391 0-19.492 5.197-37.36 14.294-52.954 51.655 63.675 129.3 105.258 216.365 109.807-1.624-7.797-2.599-15.918-2.599-24.04 0-57.828 46.782-104.934 104.934-104.934 30.213 0 57.502 12.67 76.67 33.137 23.715-4.548 46.456-13.32 66.599-25.34-7.798 24.366-24.366 44.833-46.132 57.827 21.117-2.273 41.584-8.122 60.426-16.243-14.292 20.791-32.161 39.308-52.628 54.253z\"><\/path><\/svg>\n\t\t\t\t\t\t\t\t<\/a>\n\t\t\t\t\t\t\t\t\t\t\t\t\t\t\t<a href=\"https:\/\/www.linkedin.com\/in\/mariomondra\" class=\"bdt-member-icon elementor-repeater-item-869d17d\" target=\"_blank\" title=\"Linkedin\" \n\t\t\t\t\t\t\t\t data-bdt-tooltip>\n\t\t\t\t\t\t\t\t\t\n\t\t\t\t\t\t\t\t\t<svg aria-hidden=\"true\" class=\"fa-fw e-font-icon-svg e-fab-linkedin-in\" viewBox=\"0 0 448 512\" xmlns=\"http:\/\/www.w3.org\/2000\/svg\"><path d=\"M100.28 448H7.4V148.9h92.88zM53.79 108.1C24.09 108.1 0 83.5 0 53.8a53.79 53.79 0 0 1 107.58 0c0 29.7-24.1 54.3-53.79 54.3zM447.9 448h-92.68V302.4c0-34.7-.7-79.2-48.29-79.2-48.29 0-55.69 37.7-55.69 76.7V448h-92.78V148.9h89.08v40.8h1.3c12.4-23.5 42.69-48.3 87.88-48.3 94 0 111.28 61.9 111.28 142.3V448z\"><\/path><\/svg>\n\t\t\t\t\t\t\t\t<\/a>\n\t\t\t\t\t\t\t\t\t\t\t\t\t<\/div>\n\t\t\t\t\t\t\n\t\t\t\t\t<\/div>\n\t\t\t\t<\/div>\t\t\t\t\n\t\t\t<\/div>\n\t\t<\/div>\n\t\t\t\t\t\t<\/div>\n\t\t\t\t<\/div>\n\t\t\t\t\t<\/div>\n\t\t<\/div>\n\t\t\t\t<div class=\"elementor-column elementor-col-50 elementor-inner-column elementor-element elementor-element-640b52f\" data-id=\"640b52f\" data-element_type=\"column\">\n\t\t\t<div class=\"elementor-widget-wrap elementor-element-populated\">\n\t\t\t\t\t\t<div class=\"elementor-element elementor-element-d31c989 elementor-widget elementor-widget-image\" data-id=\"d31c989\" data-element_type=\"widget\" data-widget_type=\"image.default\">\n\t\t\t\t\t\t\t\t\t\t\t\t\t\t\t<img decoding=\"async\" width=\"750\" height=\"200\" src=\"https:\/\/alumniberoleon.org\/wp-content\/uploads\/2022\/07\/Baner-Alumni-solicitud-afiliacion.png\" class=\"attachment-large size-large wp-image-813\" alt=\"Af\u00edliate a ALUMNI Ibero Le\u00f3n\" srcset=\"https:\/\/alumniberoleon.org\/wp-content\/uploads\/2022\/07\/Baner-Alumni-solicitud-afiliacion.png 750w, https:\/\/alumniberoleon.org\/wp-content\/uploads\/2022\/07\/Baner-Alumni-solicitud-afiliacion-600x160.png 600w\" sizes=\"(max-width: 750px) 100vw, 750px\" \/>\t\t\t\t\t\t\t\t\t\t\t\t\t\t\t<\/div>\n\t\t\t\t\t<\/div>\n\t\t<\/div>\n\t\t\t\t\t<\/div>\n\t\t<\/section>\n\t\t\t\t\t<\/div>\n\t\t<\/div>\n\t\t\t\t\t<\/div>\n\t\t<\/section>\n\t\t\t\t<\/div>\n\t\t","protected":false},"excerpt":{"rendered":"<p>Conociendo el Magis Ignaciano Quiz\u00e1s en alguna ocasi\u00f3n habr\u00e1s escuchado la palabra &#8216;Magis Ignaciono&#8217; o simplemente &#8216;Magis&#8217;, pero \u00bfsabes realmente qu\u00e9 significa?, hoy queremos platicarte en qu\u00e9 consiste y como puedes integrarlo en tu vida. El Magis ignaciano es un t\u00e9rmino en lat\u00edn que puede traducirse como \u00abel m\u00e1s\u00bb. Esta palabra fue acu\u00f1ada por San&#8230;<\/p>\n","protected":false},"author":2,"featured_media":220,"comment_status":"open","ping_status":"open","sticky":false,"template":"","format":"standard","meta":{"content-type":"","_monsterinsights_skip_tracking":false,"_monsterinsights_sitenote_active":false,"_monsterinsights_sitenote_note":"","_monsterinsights_sitenote_category":0,"footnotes":""},"categories":[20],"tags":[],"class_list":["post-71","post","type-post","status-publish","format-standard","has-post-thumbnail","hentry","category-post"],"yoast_head":"<!-- This site is optimized with the Yoast SEO plugin v25.7 - https:\/\/yoast.com\/wordpress\/plugins\/seo\/ -->\n<title>\u00bfQu\u00e9 es el Magis Ignaciano? - Alumni Ibero Le\u00f3n<\/title>\n<meta name=\"description\" content=\"El Magis ignaciano es un t\u00e9rmino en lat\u00edn que puede traducirse como &quot;el m\u00e1s&quot;. Acu\u00f1ada por San Ignacio de Loyola, el fundador de los jesuitas.\" \/>\n<meta name=\"robots\" content=\"index, follow, max-snippet:-1, max-image-preview:large, max-video-preview:-1\" \/>\n<link rel=\"canonical\" href=\"https:\/\/alumniberoleon.org\/index.php\/2022\/06\/05\/que-es-el-magis-ignaciano\/\" \/>\n<meta property=\"og:locale\" content=\"es_ES\" \/>\n<meta property=\"og:type\" content=\"article\" \/>\n<meta property=\"og:title\" content=\"\u00bfQu\u00e9 es el Magis Ignaciano? - Alumni Ibero Le\u00f3n\" \/>\n<meta property=\"og:description\" content=\"El Magis ignaciano es un t\u00e9rmino en lat\u00edn que puede traducirse como &quot;el m\u00e1s&quot;. Acu\u00f1ada por San Ignacio de Loyola, el fundador de los jesuitas.\" \/>\n<meta property=\"og:url\" content=\"https:\/\/alumniberoleon.org\/index.php\/2022\/06\/05\/que-es-el-magis-ignaciano\/\" \/>\n<meta property=\"og:site_name\" content=\"Alumni Ibero Le\u00f3n\" \/>\n<meta property=\"article:published_time\" content=\"2022-06-05T06:00:24+00:00\" \/>\n<meta property=\"article:modified_time\" content=\"2022-07-20T02:07:28+00:00\" \/>\n<meta property=\"og:image\" content=\"https:\/\/alumniberoleon.org\/wp-content\/uploads\/2022\/06\/magis-ignaciano.jpg\" \/>\n\t<meta property=\"og:image:width\" content=\"510\" \/>\n\t<meta property=\"og:image:height\" content=\"310\" \/>\n\t<meta property=\"og:image:type\" content=\"image\/jpeg\" \/>\n<meta name=\"author\" content=\"alumniiberoleon\" \/>\n<meta name=\"twitter:card\" content=\"summary_large_image\" \/>\n<meta name=\"twitter:label1\" content=\"Escrito por\" \/>\n\t<meta name=\"twitter:data1\" content=\"alumniiberoleon\" \/>\n\t<meta name=\"twitter:label2\" content=\"Tiempo de lectura\" \/>\n\t<meta name=\"twitter:data2\" content=\"3 minutos\" \/>\n<script type=\"application\/ld+json\" class=\"yoast-schema-graph\">{\"@context\":\"https:\/\/schema.org\",\"@graph\":[{\"@type\":\"Article\",\"@id\":\"https:\/\/alumniberoleon.org\/index.php\/2022\/06\/05\/que-es-el-magis-ignaciano\/#article\",\"isPartOf\":{\"@id\":\"https:\/\/alumniberoleon.org\/index.php\/2022\/06\/05\/que-es-el-magis-ignaciano\/\"},\"author\":{\"name\":\"alumniiberoleon\",\"@id\":\"https:\/\/alumniberoleon.org\/#\/schema\/person\/80250aa7660a461cd6c700236dc7aab3\"},\"headline\":\"\u00bfQu\u00e9 es el Magis Ignaciano?\",\"datePublished\":\"2022-06-05T06:00:24+00:00\",\"dateModified\":\"2022-07-20T02:07:28+00:00\",\"mainEntityOfPage\":{\"@id\":\"https:\/\/alumniberoleon.org\/index.php\/2022\/06\/05\/que-es-el-magis-ignaciano\/\"},\"wordCount\":441,\"commentCount\":0,\"publisher\":{\"@id\":\"https:\/\/alumniberoleon.org\/#organization\"},\"image\":{\"@id\":\"https:\/\/alumniberoleon.org\/index.php\/2022\/06\/05\/que-es-el-magis-ignaciano\/#primaryimage\"},\"thumbnailUrl\":\"https:\/\/alumniberoleon.org\/wp-content\/uploads\/2022\/06\/magis-ignaciano.jpg\",\"articleSection\":[\"post\"],\"inLanguage\":\"es\",\"potentialAction\":[{\"@type\":\"CommentAction\",\"name\":\"Comment\",\"target\":[\"https:\/\/alumniberoleon.org\/index.php\/2022\/06\/05\/que-es-el-magis-ignaciano\/#respond\"]}]},{\"@type\":\"WebPage\",\"@id\":\"https:\/\/alumniberoleon.org\/index.php\/2022\/06\/05\/que-es-el-magis-ignaciano\/\",\"url\":\"https:\/\/alumniberoleon.org\/index.php\/2022\/06\/05\/que-es-el-magis-ignaciano\/\",\"name\":\"\u00bfQu\u00e9 es el Magis Ignaciano? - Alumni Ibero Le\u00f3n\",\"isPartOf\":{\"@id\":\"https:\/\/alumniberoleon.org\/#website\"},\"primaryImageOfPage\":{\"@id\":\"https:\/\/alumniberoleon.org\/index.php\/2022\/06\/05\/que-es-el-magis-ignaciano\/#primaryimage\"},\"image\":{\"@id\":\"https:\/\/alumniberoleon.org\/index.php\/2022\/06\/05\/que-es-el-magis-ignaciano\/#primaryimage\"},\"thumbnailUrl\":\"https:\/\/alumniberoleon.org\/wp-content\/uploads\/2022\/06\/magis-ignaciano.jpg\",\"datePublished\":\"2022-06-05T06:00:24+00:00\",\"dateModified\":\"2022-07-20T02:07:28+00:00\",\"description\":\"El Magis ignaciano es un t\u00e9rmino en lat\u00edn que puede traducirse como \\\"el m\u00e1s\\\". Acu\u00f1ada por San Ignacio de Loyola, el fundador de los jesuitas.\",\"breadcrumb\":{\"@id\":\"https:\/\/alumniberoleon.org\/index.php\/2022\/06\/05\/que-es-el-magis-ignaciano\/#breadcrumb\"},\"inLanguage\":\"es\",\"potentialAction\":[{\"@type\":\"ReadAction\",\"target\":[\"https:\/\/alumniberoleon.org\/index.php\/2022\/06\/05\/que-es-el-magis-ignaciano\/\"]}]},{\"@type\":\"ImageObject\",\"inLanguage\":\"es\",\"@id\":\"https:\/\/alumniberoleon.org\/index.php\/2022\/06\/05\/que-es-el-magis-ignaciano\/#primaryimage\",\"url\":\"https:\/\/alumniberoleon.org\/wp-content\/uploads\/2022\/06\/magis-ignaciano.jpg\",\"contentUrl\":\"https:\/\/alumniberoleon.org\/wp-content\/uploads\/2022\/06\/magis-ignaciano.jpg\",\"width\":510,\"height\":310},{\"@type\":\"BreadcrumbList\",\"@id\":\"https:\/\/alumniberoleon.org\/index.php\/2022\/06\/05\/que-es-el-magis-ignaciano\/#breadcrumb\",\"itemListElement\":[{\"@type\":\"ListItem\",\"position\":1,\"name\":\"Portada\",\"item\":\"https:\/\/alumniberoleon.org\/\"},{\"@type\":\"ListItem\",\"position\":2,\"name\":\"\u00bfQu\u00e9 es el Magis Ignaciano?\"}]},{\"@type\":\"WebSite\",\"@id\":\"https:\/\/alumniberoleon.org\/#website\",\"url\":\"https:\/\/alumniberoleon.org\/\",\"name\":\"Alumni Ibero Le\u00f3n\",\"description\":\"Activando la comunidad de exalumn@s de la Universidad Iberoamericana Le\u00f3n\",\"publisher\":{\"@id\":\"https:\/\/alumniberoleon.org\/#organization\"},\"potentialAction\":[{\"@type\":\"SearchAction\",\"target\":{\"@type\":\"EntryPoint\",\"urlTemplate\":\"https:\/\/alumniberoleon.org\/?s={search_term_string}\"},\"query-input\":{\"@type\":\"PropertyValueSpecification\",\"valueRequired\":true,\"valueName\":\"search_term_string\"}}],\"inLanguage\":\"es\"},{\"@type\":\"Organization\",\"@id\":\"https:\/\/alumniberoleon.org\/#organization\",\"name\":\"Alumni Ibero Le\u00f3n\",\"url\":\"https:\/\/alumniberoleon.org\/\",\"logo\":{\"@type\":\"ImageObject\",\"inLanguage\":\"es\",\"@id\":\"https:\/\/alumniberoleon.org\/#\/schema\/logo\/image\/\",\"url\":\"https:\/\/alumniberoleon.org\/wp-content\/uploads\/2025\/08\/Captura-de-pantalla-2025-08-16-a-las-5.02.38-p.-m.png\",\"contentUrl\":\"https:\/\/alumniberoleon.org\/wp-content\/uploads\/2025\/08\/Captura-de-pantalla-2025-08-16-a-las-5.02.38-p.-m.png\",\"width\":296,\"height\":260,\"caption\":\"Alumni Ibero Le\u00f3n\"},\"image\":{\"@id\":\"https:\/\/alumniberoleon.org\/#\/schema\/logo\/image\/\"}},{\"@type\":\"Person\",\"@id\":\"https:\/\/alumniberoleon.org\/#\/schema\/person\/80250aa7660a461cd6c700236dc7aab3\",\"name\":\"alumniiberoleon\",\"image\":{\"@type\":\"ImageObject\",\"inLanguage\":\"es\",\"@id\":\"https:\/\/alumniberoleon.org\/#\/schema\/person\/image\/\",\"url\":\"https:\/\/secure.gravatar.com\/avatar\/bef59e3989d7017facdb20c9913a5ea420050b30fbc945cc769983fffe6c8e15?s=96&d=mm&r=g\",\"contentUrl\":\"https:\/\/secure.gravatar.com\/avatar\/bef59e3989d7017facdb20c9913a5ea420050b30fbc945cc769983fffe6c8e15?s=96&d=mm&r=g\",\"caption\":\"alumniiberoleon\"},\"url\":\"https:\/\/alumniberoleon.org\/index.php\/author\/mariomondra\/\"}]}<\/script>\n<!-- \/ Yoast SEO plugin. -->","yoast_head_json":{"title":"\u00bfQu\u00e9 es el Magis Ignaciano? - Alumni Ibero Le\u00f3n","description":"El Magis ignaciano es un t\u00e9rmino en lat\u00edn que puede traducirse como \"el m\u00e1s\". Acu\u00f1ada por San Ignacio de Loyola, el fundador de los jesuitas.","robots":{"index":"index","follow":"follow","max-snippet":"max-snippet:-1","max-image-preview":"max-image-preview:large","max-video-preview":"max-video-preview:-1"},"canonical":"https:\/\/alumniberoleon.org\/index.php\/2022\/06\/05\/que-es-el-magis-ignaciano\/","og_locale":"es_ES","og_type":"article","og_title":"\u00bfQu\u00e9 es el Magis Ignaciano? - Alumni Ibero Le\u00f3n","og_description":"El Magis ignaciano es un t\u00e9rmino en lat\u00edn que puede traducirse como \"el m\u00e1s\". Acu\u00f1ada por San Ignacio de Loyola, el fundador de los jesuitas.","og_url":"https:\/\/alumniberoleon.org\/index.php\/2022\/06\/05\/que-es-el-magis-ignaciano\/","og_site_name":"Alumni Ibero Le\u00f3n","article_published_time":"2022-06-05T06:00:24+00:00","article_modified_time":"2022-07-20T02:07:28+00:00","og_image":[{"width":510,"height":310,"url":"https:\/\/alumniberoleon.org\/wp-content\/uploads\/2022\/06\/magis-ignaciano.jpg","type":"image\/jpeg"}],"author":"alumniiberoleon","twitter_card":"summary_large_image","twitter_misc":{"Escrito por":"alumniiberoleon","Tiempo de lectura":"3 minutos"},"schema":{"@context":"https:\/\/schema.org","@graph":[{"@type":"Article","@id":"https:\/\/alumniberoleon.org\/index.php\/2022\/06\/05\/que-es-el-magis-ignaciano\/#article","isPartOf":{"@id":"https:\/\/alumniberoleon.org\/index.php\/2022\/06\/05\/que-es-el-magis-ignaciano\/"},"author":{"name":"alumniiberoleon","@id":"https:\/\/alumniberoleon.org\/#\/schema\/person\/80250aa7660a461cd6c700236dc7aab3"},"headline":"\u00bfQu\u00e9 es el Magis Ignaciano?","datePublished":"2022-06-05T06:00:24+00:00","dateModified":"2022-07-20T02:07:28+00:00","mainEntityOfPage":{"@id":"https:\/\/alumniberoleon.org\/index.php\/2022\/06\/05\/que-es-el-magis-ignaciano\/"},"wordCount":441,"commentCount":0,"publisher":{"@id":"https:\/\/alumniberoleon.org\/#organization"},"image":{"@id":"https:\/\/alumniberoleon.org\/index.php\/2022\/06\/05\/que-es-el-magis-ignaciano\/#primaryimage"},"thumbnailUrl":"https:\/\/alumniberoleon.org\/wp-content\/uploads\/2022\/06\/magis-ignaciano.jpg","articleSection":["post"],"inLanguage":"es","potentialAction":[{"@type":"CommentAction","name":"Comment","target":["https:\/\/alumniberoleon.org\/index.php\/2022\/06\/05\/que-es-el-magis-ignaciano\/#respond"]}]},{"@type":"WebPage","@id":"https:\/\/alumniberoleon.org\/index.php\/2022\/06\/05\/que-es-el-magis-ignaciano\/","url":"https:\/\/alumniberoleon.org\/index.php\/2022\/06\/05\/que-es-el-magis-ignaciano\/","name":"\u00bfQu\u00e9 es el Magis Ignaciano? - Alumni Ibero Le\u00f3n","isPartOf":{"@id":"https:\/\/alumniberoleon.org\/#website"},"primaryImageOfPage":{"@id":"https:\/\/alumniberoleon.org\/index.php\/2022\/06\/05\/que-es-el-magis-ignaciano\/#primaryimage"},"image":{"@id":"https:\/\/alumniberoleon.org\/index.php\/2022\/06\/05\/que-es-el-magis-ignaciano\/#primaryimage"},"thumbnailUrl":"https:\/\/alumniberoleon.org\/wp-content\/uploads\/2022\/06\/magis-ignaciano.jpg","datePublished":"2022-06-05T06:00:24+00:00","dateModified":"2022-07-20T02:07:28+00:00","description":"El Magis ignaciano es un t\u00e9rmino en lat\u00edn que puede traducirse como \"el m\u00e1s\". Acu\u00f1ada por San Ignacio de Loyola, el fundador de los jesuitas.","breadcrumb":{"@id":"https:\/\/alumniberoleon.org\/index.php\/2022\/06\/05\/que-es-el-magis-ignaciano\/#breadcrumb"},"inLanguage":"es","potentialAction":[{"@type":"ReadAction","target":["https:\/\/alumniberoleon.org\/index.php\/2022\/06\/05\/que-es-el-magis-ignaciano\/"]}]},{"@type":"ImageObject","inLanguage":"es","@id":"https:\/\/alumniberoleon.org\/index.php\/2022\/06\/05\/que-es-el-magis-ignaciano\/#primaryimage","url":"https:\/\/alumniberoleon.org\/wp-content\/uploads\/2022\/06\/magis-ignaciano.jpg","contentUrl":"https:\/\/alumniberoleon.org\/wp-content\/uploads\/2022\/06\/magis-ignaciano.jpg","width":510,"height":310},{"@type":"BreadcrumbList","@id":"https:\/\/alumniberoleon.org\/index.php\/2022\/06\/05\/que-es-el-magis-ignaciano\/#breadcrumb","itemListElement":[{"@type":"ListItem","position":1,"name":"Portada","item":"https:\/\/alumniberoleon.org\/"},{"@type":"ListItem","position":2,"name":"\u00bfQu\u00e9 es el Magis Ignaciano?"}]},{"@type":"WebSite","@id":"https:\/\/alumniberoleon.org\/#website","url":"https:\/\/alumniberoleon.org\/","name":"Alumni Ibero Le\u00f3n","description":"Activando la comunidad de exalumn@s de la Universidad Iberoamericana Le\u00f3n","publisher":{"@id":"https:\/\/alumniberoleon.org\/#organization"},"potentialAction":[{"@type":"SearchAction","target":{"@type":"EntryPoint","urlTemplate":"https:\/\/alumniberoleon.org\/?s={search_term_string}"},"query-input":{"@type":"PropertyValueSpecification","valueRequired":true,"valueName":"search_term_string"}}],"inLanguage":"es"},{"@type":"Organization","@id":"https:\/\/alumniberoleon.org\/#organization","name":"Alumni Ibero Le\u00f3n","url":"https:\/\/alumniberoleon.org\/","logo":{"@type":"ImageObject","inLanguage":"es","@id":"https:\/\/alumniberoleon.org\/#\/schema\/logo\/image\/","url":"https:\/\/alumniberoleon.org\/wp-content\/uploads\/2025\/08\/Captura-de-pantalla-2025-08-16-a-las-5.02.38-p.-m.png","contentUrl":"https:\/\/alumniberoleon.org\/wp-content\/uploads\/2025\/08\/Captura-de-pantalla-2025-08-16-a-las-5.02.38-p.-m.png","width":296,"height":260,"caption":"Alumni Ibero Le\u00f3n"},"image":{"@id":"https:\/\/alumniberoleon.org\/#\/schema\/logo\/image\/"}},{"@type":"Person","@id":"https:\/\/alumniberoleon.org\/#\/schema\/person\/80250aa7660a461cd6c700236dc7aab3","name":"alumniiberoleon","image":{"@type":"ImageObject","inLanguage":"es","@id":"https:\/\/alumniberoleon.org\/#\/schema\/person\/image\/","url":"https:\/\/secure.gravatar.com\/avatar\/bef59e3989d7017facdb20c9913a5ea420050b30fbc945cc769983fffe6c8e15?s=96&d=mm&r=g","contentUrl":"https:\/\/secure.gravatar.com\/avatar\/bef59e3989d7017facdb20c9913a5ea420050b30fbc945cc769983fffe6c8e15?s=96&d=mm&r=g","caption":"alumniiberoleon"},"url":"https:\/\/alumniberoleon.org\/index.php\/author\/mariomondra\/"}]}},"_links":{"self":[{"href":"https:\/\/alumniberoleon.org\/index.php\/wp-json\/wp\/v2\/posts\/71","targetHints":{"allow":["GET"]}}],"collection":[{"href":"https:\/\/alumniberoleon.org\/index.php\/wp-json\/wp\/v2\/posts"}],"about":[{"href":"https:\/\/alumniberoleon.org\/index.php\/wp-json\/wp\/v2\/types\/post"}],"author":[{"embeddable":true,"href":"https:\/\/alumniberoleon.org\/index.php\/wp-json\/wp\/v2\/users\/2"}],"replies":[{"embeddable":true,"href":"https:\/\/alumniberoleon.org\/index.php\/wp-json\/wp\/v2\/comments?post=71"}],"version-history":[{"count":13,"href":"https:\/\/alumniberoleon.org\/index.php\/wp-json\/wp\/v2\/posts\/71\/revisions"}],"predecessor-version":[{"id":836,"href":"https:\/\/alumniberoleon.org\/index.php\/wp-json\/wp\/v2\/posts\/71\/revisions\/836"}],"wp:featuredmedia":[{"embeddable":true,"href":"https:\/\/alumniberoleon.org\/index.php\/wp-json\/wp\/v2\/media\/220"}],"wp:attachment":[{"href":"https:\/\/alumniberoleon.org\/index.php\/wp-json\/wp\/v2\/media?parent=71"}],"wp:term":[{"taxonomy":"category","embeddable":true,"href":"https:\/\/alumniberoleon.org\/index.php\/wp-json\/wp\/v2\/categories?post=71"},{"taxonomy":"post_tag","embeddable":true,"href":"https:\/\/alumniberoleon.org\/index.php\/wp-json\/wp\/v2\/tags?post=71"}],"curies":[{"name":"wp","href":"https:\/\/api.w.org\/{rel}","templated":true}]}}