{"id":431,"date":"2022-06-09T01:07:50","date_gmt":"2022-06-09T07:07:50","guid":{"rendered":"https:\/\/alumniberoleon.org\/?p=431"},"modified":"2022-07-19T20:13:35","modified_gmt":"2022-07-20T02:13:35","slug":"san-ignacio-de-loyola-obra-y-legado","status":"publish","type":"post","link":"https:\/\/alumniberoleon.org\/index.php\/2022\/06\/09\/san-ignacio-de-loyola-obra-y-legado\/","title":{"rendered":"San Ignacio de Loyola: Obra y legado"},"content":{"rendered":"\t\t<div data-elementor-type=\"wp-post\" data-elementor-id=\"431\" class=\"elementor elementor-431\">\n\t\t\t\t\t\t<section class=\"elementor-section elementor-top-section elementor-element elementor-element-6d35f20 elementor-section-boxed elementor-section-height-default elementor-section-height-default\" data-id=\"6d35f20\" data-element_type=\"section\">\n\t\t\t\t\t\t<div class=\"elementor-container elementor-column-gap-default\">\n\t\t\t\t\t<div class=\"elementor-column elementor-col-100 elementor-top-column elementor-element elementor-element-26f56ae5\" data-id=\"26f56ae5\" data-element_type=\"column\">\n\t\t\t<div class=\"elementor-widget-wrap elementor-element-populated\">\n\t\t\t\t\t\t<section class=\"elementor-section elementor-inner-section elementor-element elementor-element-415b6f5 elementor-section-boxed elementor-section-height-default elementor-section-height-default\" data-id=\"415b6f5\" data-element_type=\"section\">\n\t\t\t\t\t\t<div class=\"elementor-container elementor-column-gap-default\">\n\t\t\t\t\t<div class=\"elementor-column elementor-col-50 elementor-inner-column elementor-element elementor-element-1b7abcb\" data-id=\"1b7abcb\" data-element_type=\"column\">\n\t\t\t<div class=\"elementor-widget-wrap elementor-element-populated\">\n\t\t\t\t\t\t<div class=\"elementor-element elementor-element-8d77fe0 elementor-widget elementor-widget-text-editor\" data-id=\"8d77fe0\" data-element_type=\"widget\" data-widget_type=\"text-editor.default\">\n\t\t\t\t\t\t\t\t\t<p>San Ignacio de Loyola naci\u00f3 en 1491. De joven fue soldado, fue herido al ser herido por una bala de ca\u00f1\u00f3n que rompi\u00f3 su pierna en una batalla en la defensa de Pamplona contra los franceses (1521). Mientras se recuperaba de sus heridas, tuvo mucho tiempo para leer y reflexionar sobre los textos religiosos. La lectura durante su convalecencia de libros religiosos lo llevar\u00eda a profundizar en la fe cat\u00f3lica y a la imitaci\u00f3n de los santos. Esta experiencia cambi\u00f3 su vida.<\/p>\n<p>Ignacio fue impulsor de la Contra-reforma junto con Santa Teresa y fue el puente entre la Iglesia y la modernidad naciente. Estudi\u00f3 en Barcelona y se prepar\u00f3 para ayudar a las almas. Ah\u00ed elabor\u00f3 su primera propuesta de ejercicios espirituales, un libro que ayuda a las personas a acercarse a Dios a trav\u00e9s de la oraci\u00f3n y la reflexi\u00f3n.. Despu\u00e9s, se fue a Alcal\u00e1 a estudiar filosof\u00eda y teolog\u00eda.<\/p>\n<p>Curs\u00f3 sus estudios de humanidades en Par\u00eds donde tuvo por compa\u00f1eros a Pedro Fabro y Francisco Javier, entre otros. Ignacio y sus compa\u00f1eros acabaron pronunciando un voto de pobreza y fundaron la Compa\u00f1\u00eda de Jes\u00fas , una orden religiosa conocida por su labor misionera y su compromiso con la justicia social y cuyos estatutos aprob\u00f3 el papa en 1540.<\/p>\t\t\t\t\t\t\t\t<\/div>\n\t\t\t\t\t<\/div>\n\t\t<\/div>\n\t\t\t\t<div class=\"elementor-column elementor-col-50 elementor-inner-column elementor-element elementor-element-d5bbe91\" data-id=\"d5bbe91\" data-element_type=\"column\">\n\t\t\t<div class=\"elementor-widget-wrap elementor-element-populated\">\n\t\t\t\t\t\t<div class=\"elementor-element elementor-element-56a231a elementor-widget elementor-widget-image\" data-id=\"56a231a\" data-element_type=\"widget\" data-widget_type=\"image.default\">\n\t\t\t\t\t\t\t\t\t\t\t\t\t\t\t<img fetchpriority=\"high\" decoding=\"async\" width=\"900\" height=\"500\" src=\"https:\/\/alumniberoleon.org\/wp-content\/uploads\/2022\/06\/san-ginacio-2.webp\" class=\"attachment-large size-large wp-image-434\" alt=\"San Ignacio de Loyola\" srcset=\"https:\/\/alumniberoleon.org\/wp-content\/uploads\/2022\/06\/san-ginacio-2.webp 900w, https:\/\/alumniberoleon.org\/wp-content\/uploads\/2022\/06\/san-ginacio-2-600x333.webp 600w\" sizes=\"(max-width: 900px) 100vw, 900px\" \/>\t\t\t\t\t\t\t\t\t\t\t\t\t\t\t<\/div>\n\t\t\t\t\t<\/div>\n\t\t<\/div>\n\t\t\t\t\t<\/div>\n\t\t<\/section>\n\t\t\t\t<div class=\"elementor-element elementor-element-278b5756 elementor-widget elementor-widget-text-editor\" data-id=\"278b5756\" data-element_type=\"widget\" data-widget_type=\"text-editor.default\">\n\t\t\t\t\t\t\t\t\t<p>Ignacio fue elegido un\u00e1nimemente por sus compa\u00f1eros como primer General de la Compa\u00f1\u00eda de Jes\u00fas aunque rechaz\u00f3 la designaci\u00f3n y pidi\u00f3 que la votaci\u00f3n se repitiese. Volvi\u00f3 a ser elegido en segunda votaci\u00f3n y, tras reflexionar y confesar sus pecados, acept\u00f3.<\/p>\n<p>Estuvo quince a\u00f1os al frente de la Compa\u00f1\u00eda de Jes\u00fas como General, permaneciendo en Roma. Muri\u00f3 el 31 de julio de 1556. El legado de San Ignacio de Loyola es de servicio a los dem\u00e1s y de un profundo amor a Dios. Tenemos la suerte de tenerlo como santo y seguimos inspir\u00e1ndonos en su ejemplo.<\/p>\n<h2>\u00bfQu\u00e9 son los ejercicios espirituales?<\/h2>\n<p>El libro de Ejercicios espirituales fue aprobado por el Papa Paulo III y publicado en el a\u00f1o 1548. Al principio no fueron escritos para su lectura, sino que el contenido del libro era el conjunto de anotaciones que realizaba el santo en sus ratos de oraci\u00f3n.<\/p>\n<p>Los ejercicios espirituales nacen de la experiencia personal de San Ignacio de Loyola, peregrino en b\u00fasqueda de la voluntad de Dios quien puso\u00a0por escrito algunas de las cosas que le hab\u00edan ayudado personalmente, para poder as\u00ed ayudar a otros. Por eso los ejercicios son tambi\u00e9n un libro escrito en un estilo conciso, dirigido sobre todo a quien los da. Tienen mucho de m\u00e9todo y de pedagog\u00eda.<br \/>Desde hace cinco siglos han sido un modo de ayudar al encuentro con Dios en la propia vida, en el camino \u00fanico e irrepetible de cada persona.\u00a0<\/p>\n<p><\/p>\t\t\t\t\t\t\t\t<\/div>\n\t\t\t\t<section class=\"elementor-section elementor-inner-section elementor-element elementor-element-808e9f1 elementor-section-boxed elementor-section-height-default elementor-section-height-default\" data-id=\"808e9f1\" data-element_type=\"section\">\n\t\t\t\t\t\t<div class=\"elementor-container elementor-column-gap-default\">\n\t\t\t\t\t<div class=\"elementor-column elementor-col-50 elementor-inner-column elementor-element elementor-element-6e17213\" data-id=\"6e17213\" data-element_type=\"column\">\n\t\t\t<div class=\"elementor-widget-wrap elementor-element-populated\">\n\t\t\t\t\t\t<div class=\"elementor-element elementor-element-bb72c0c elementor-widget elementor-widget-bdt-member\" data-id=\"bb72c0c\" data-element_type=\"widget\" data-widget_type=\"bdt-member.bdt-partait\">\n\t\t\t\t<div class=\"elementor-widget-container\">\n\t\t\t\t\t\t\t<div class=\"bdt-member bdt-member-skin-partait\">\n\t\t\t<div class=\"bdt-grid bdt-grid-collapse bdt-child-width-1-2@m\" data-bdt-grid>\n\t\t\n\t\t\t\t\t<div class=\"bdt-member-photo-wrapper bdt-image-mask\">\n\n\t\t\t\t\t\t\n\t\t\t\t\t\t<div class=\"bdt-member-photo\">\n\t\t\t\t\t\t\t<div class=\"\">\n\t\t\t\t\t\t\t\t<img decoding=\"async\" src=\"https:\/\/alumniberoleon.org\/wp-content\/uploads\/2022\/06\/mario-mondragon.jpg\" title=\"mario-mondragon\" alt=\"mario-mondragon\" loading=\"lazy\" \/>\t\t\t\t\t\t\t<\/div>\n\t\t\t\t\t\t<\/div>\n\n\t\t\t\t\t\t\n\t\t\t\t\t<\/div>\n\t\t\t\t\t\n\t\t\t\t\n\t\t\t\t<div class=\"bdt-member-desc bdt-position-relative\">\n\t\t\t\t\t<div class=\"bdt-position-center bdt-text-center bdt-member-desc-wrapper\">\n\t\t\t\t\t\t<div class=\"bdt-member-description\">\n\t\t\t\t\t\t\t\t\t\t\t\t\t\t\t<span class=\"bdt-member-name\">Mario Alberto Mondrag\u00f3n<\/span>\n\t\t\t\t\t\t\t\n\t\t\t\t\t\t\t\t\t\t\t\t\t\t\t<span class=\"bdt-member-role\">Presidente ALUMNI Ibero Le\u00f3n 2022-2023<\/span>\n\t\t\t\t\t\t\t\t\t\t\t\t\t\t\n\t\t\t\t\t\t\t\t\t\t\t\t\t\t\t<div class=\"bdt-member-text bdt-content-wrap\">Administrador de empresas y Maestro en Dise\u00f1o de proyectos educativos virtuales. Director de Brainfood, agencia en los giros de marketing, educaci\u00f3n y viajes.<\/div>\n\t\t\t\t\t\t\t\t\t\t\t\t\t<\/div>\n\t\t\t\t\t\t\n\t\t\t\t\t\t\t\t\t\t\t\t<div class=\"bdt-member-icons\">\n\t\t\t\t\t\t\t\t\t\t\t\t\t\t\t<a href=\"https:\/\/twitter.com\/mariomondra\" class=\"bdt-member-icon elementor-repeater-item-4f47db2\" target=\"_blank\" title=\"Twitter\" \n\t\t\t\t\t\t\t\t data-bdt-tooltip>\n\t\t\t\t\t\t\t\t\t\n\t\t\t\t\t\t\t\t\t<svg aria-hidden=\"true\" class=\"fa-fw e-font-icon-svg e-fab-twitter\" viewBox=\"0 0 512 512\" xmlns=\"http:\/\/www.w3.org\/2000\/svg\"><path d=\"M459.37 151.716c.325 4.548.325 9.097.325 13.645 0 138.72-105.583 298.558-298.558 298.558-59.452 0-114.68-17.219-161.137-47.106 8.447.974 16.568 1.299 25.34 1.299 49.055 0 94.213-16.568 130.274-44.832-46.132-.975-84.792-31.188-98.112-72.772 6.498.974 12.995 1.624 19.818 1.624 9.421 0 18.843-1.3 27.614-3.573-48.081-9.747-84.143-51.98-84.143-102.985v-1.299c13.969 7.797 30.214 12.67 47.431 13.319-28.264-18.843-46.781-51.005-46.781-87.391 0-19.492 5.197-37.36 14.294-52.954 51.655 63.675 129.3 105.258 216.365 109.807-1.624-7.797-2.599-15.918-2.599-24.04 0-57.828 46.782-104.934 104.934-104.934 30.213 0 57.502 12.67 76.67 33.137 23.715-4.548 46.456-13.32 66.599-25.34-7.798 24.366-24.366 44.833-46.132 57.827 21.117-2.273 41.584-8.122 60.426-16.243-14.292 20.791-32.161 39.308-52.628 54.253z\"><\/path><\/svg>\n\t\t\t\t\t\t\t\t<\/a>\n\t\t\t\t\t\t\t\t\t\t\t\t\t\t\t<a href=\"https:\/\/www.linkedin.com\/in\/mariomondra\" class=\"bdt-member-icon elementor-repeater-item-a677e51\" target=\"_blank\" title=\"Linkedin\" \n\t\t\t\t\t\t\t\t data-bdt-tooltip>\n\t\t\t\t\t\t\t\t\t\n\t\t\t\t\t\t\t\t\t<svg aria-hidden=\"true\" class=\"fa-fw e-font-icon-svg e-fab-linkedin-in\" viewBox=\"0 0 448 512\" xmlns=\"http:\/\/www.w3.org\/2000\/svg\"><path d=\"M100.28 448H7.4V148.9h92.88zM53.79 108.1C24.09 108.1 0 83.5 0 53.8a53.79 53.79 0 0 1 107.58 0c0 29.7-24.1 54.3-53.79 54.3zM447.9 448h-92.68V302.4c0-34.7-.7-79.2-48.29-79.2-48.29 0-55.69 37.7-55.69 76.7V448h-92.78V148.9h89.08v40.8h1.3c12.4-23.5 42.69-48.3 87.88-48.3 94 0 111.28 61.9 111.28 142.3V448z\"><\/path><\/svg>\n\t\t\t\t\t\t\t\t<\/a>\n\t\t\t\t\t\t\t\t\t\t\t\t\t<\/div>\n\t\t\t\t\t\t\n\t\t\t\t\t<\/div>\n\t\t\t\t<\/div>\t\t\t\t\n\t\t\t<\/div>\n\t\t<\/div>\n\t\t\t\t\t\t<\/div>\n\t\t\t\t<\/div>\n\t\t\t\t\t<\/div>\n\t\t<\/div>\n\t\t\t\t<div class=\"elementor-column elementor-col-50 elementor-inner-column elementor-element elementor-element-f2dc6a3\" data-id=\"f2dc6a3\" data-element_type=\"column\">\n\t\t\t<div class=\"elementor-widget-wrap elementor-element-populated\">\n\t\t\t\t\t\t<div class=\"elementor-element elementor-element-7fe31c7 elementor-widget elementor-widget-image\" data-id=\"7fe31c7\" data-element_type=\"widget\" data-widget_type=\"image.default\">\n\t\t\t\t\t\t\t\t\t\t\t\t\t\t\t<img decoding=\"async\" width=\"750\" height=\"200\" src=\"https:\/\/alumniberoleon.org\/wp-content\/uploads\/2022\/07\/Baner-Alumni-solicitud-afiliacion.png\" class=\"attachment-large size-large wp-image-813\" alt=\"Af\u00edliate a ALUMNI Ibero Le\u00f3n\" srcset=\"https:\/\/alumniberoleon.org\/wp-content\/uploads\/2022\/07\/Baner-Alumni-solicitud-afiliacion.png 750w, https:\/\/alumniberoleon.org\/wp-content\/uploads\/2022\/07\/Baner-Alumni-solicitud-afiliacion-600x160.png 600w\" sizes=\"(max-width: 750px) 100vw, 750px\" \/>\t\t\t\t\t\t\t\t\t\t\t\t\t\t\t<\/div>\n\t\t\t\t\t<\/div>\n\t\t<\/div>\n\t\t\t\t\t<\/div>\n\t\t<\/section>\n\t\t\t\t\t<\/div>\n\t\t<\/div>\n\t\t\t\t\t<\/div>\n\t\t<\/section>\n\t\t\t\t<\/div>\n\t\t","protected":false},"excerpt":{"rendered":"<p>San Ignacio de Loyola naci\u00f3 en 1491. De joven fue soldado, fue herido al ser herido por una bala de ca\u00f1\u00f3n que rompi\u00f3 su pierna en una batalla en la defensa de Pamplona contra los franceses (1521). Mientras se recuperaba de sus heridas, tuvo mucho tiempo para leer y reflexionar sobre los textos religiosos. La&#8230;<\/p>\n","protected":false},"author":2,"featured_media":432,"comment_status":"open","ping_status":"open","sticky":false,"template":"","format":"standard","meta":{"content-type":"","_monsterinsights_skip_tracking":false,"_monsterinsights_sitenote_active":false,"_monsterinsights_sitenote_note":"","_monsterinsights_sitenote_category":0,"footnotes":""},"categories":[20],"tags":[],"class_list":["post-431","post","type-post","status-publish","format-standard","has-post-thumbnail","hentry","category-post"],"yoast_head":"<!-- This site is optimized with the Yoast SEO plugin v25.7 - https:\/\/yoast.com\/wordpress\/plugins\/seo\/ -->\n<title>San Ignacio de Loyola: Obra y legado - Alumni Ibero Le\u00f3n<\/title>\n<meta name=\"description\" content=\"San ignacio de Loyola fue un soldado y primer General de la Compa\u00f1\u00eda de Jes\u00fas. Fue el puente entre la Iglesia y la modernidad naciente.\" \/>\n<meta name=\"robots\" content=\"index, follow, max-snippet:-1, max-image-preview:large, max-video-preview:-1\" \/>\n<link rel=\"canonical\" href=\"https:\/\/alumniberoleon.org\/index.php\/2022\/06\/09\/san-ignacio-de-loyola-obra-y-legado\/\" \/>\n<meta property=\"og:locale\" content=\"es_ES\" \/>\n<meta property=\"og:type\" content=\"article\" \/>\n<meta property=\"og:title\" content=\"San Ignacio de Loyola: Obra y legado - Alumni Ibero Le\u00f3n\" \/>\n<meta property=\"og:description\" content=\"San ignacio de Loyola fue un soldado y primer General de la Compa\u00f1\u00eda de Jes\u00fas. Fue el puente entre la Iglesia y la modernidad naciente.\" \/>\n<meta property=\"og:url\" content=\"https:\/\/alumniberoleon.org\/index.php\/2022\/06\/09\/san-ignacio-de-loyola-obra-y-legado\/\" \/>\n<meta property=\"og:site_name\" content=\"Alumni Ibero Le\u00f3n\" \/>\n<meta property=\"article:published_time\" content=\"2022-06-09T07:07:50+00:00\" \/>\n<meta property=\"article:modified_time\" content=\"2022-07-20T02:13:35+00:00\" \/>\n<meta property=\"og:image\" content=\"https:\/\/alumniberoleon.org\/wp-content\/uploads\/2022\/06\/San-Ignacio.jpg\" \/>\n\t<meta property=\"og:image:width\" content=\"798\" \/>\n\t<meta property=\"og:image:height\" content=\"456\" \/>\n\t<meta property=\"og:image:type\" content=\"image\/jpeg\" \/>\n<meta name=\"author\" content=\"alumniiberoleon\" \/>\n<meta name=\"twitter:card\" content=\"summary_large_image\" \/>\n<meta name=\"twitter:label1\" content=\"Escrito por\" \/>\n\t<meta name=\"twitter:data1\" content=\"alumniiberoleon\" \/>\n\t<meta name=\"twitter:label2\" content=\"Tiempo de lectura\" \/>\n\t<meta name=\"twitter:data2\" content=\"3 minutos\" \/>\n<script type=\"application\/ld+json\" class=\"yoast-schema-graph\">{\"@context\":\"https:\/\/schema.org\",\"@graph\":[{\"@type\":\"Article\",\"@id\":\"https:\/\/alumniberoleon.org\/index.php\/2022\/06\/09\/san-ignacio-de-loyola-obra-y-legado\/#article\",\"isPartOf\":{\"@id\":\"https:\/\/alumniberoleon.org\/index.php\/2022\/06\/09\/san-ignacio-de-loyola-obra-y-legado\/\"},\"author\":{\"name\":\"alumniiberoleon\",\"@id\":\"https:\/\/alumniberoleon.org\/#\/schema\/person\/80250aa7660a461cd6c700236dc7aab3\"},\"headline\":\"San Ignacio de Loyola: Obra y legado\",\"datePublished\":\"2022-06-09T07:07:50+00:00\",\"dateModified\":\"2022-07-20T02:13:35+00:00\",\"mainEntityOfPage\":{\"@id\":\"https:\/\/alumniberoleon.org\/index.php\/2022\/06\/09\/san-ignacio-de-loyola-obra-y-legado\/\"},\"wordCount\":520,\"commentCount\":0,\"publisher\":{\"@id\":\"https:\/\/alumniberoleon.org\/#organization\"},\"image\":{\"@id\":\"https:\/\/alumniberoleon.org\/index.php\/2022\/06\/09\/san-ignacio-de-loyola-obra-y-legado\/#primaryimage\"},\"thumbnailUrl\":\"https:\/\/alumniberoleon.org\/wp-content\/uploads\/2022\/06\/San-Ignacio.jpg\",\"articleSection\":[\"post\"],\"inLanguage\":\"es\",\"potentialAction\":[{\"@type\":\"CommentAction\",\"name\":\"Comment\",\"target\":[\"https:\/\/alumniberoleon.org\/index.php\/2022\/06\/09\/san-ignacio-de-loyola-obra-y-legado\/#respond\"]}]},{\"@type\":\"WebPage\",\"@id\":\"https:\/\/alumniberoleon.org\/index.php\/2022\/06\/09\/san-ignacio-de-loyola-obra-y-legado\/\",\"url\":\"https:\/\/alumniberoleon.org\/index.php\/2022\/06\/09\/san-ignacio-de-loyola-obra-y-legado\/\",\"name\":\"San Ignacio de Loyola: Obra y legado - Alumni Ibero Le\u00f3n\",\"isPartOf\":{\"@id\":\"https:\/\/alumniberoleon.org\/#website\"},\"primaryImageOfPage\":{\"@id\":\"https:\/\/alumniberoleon.org\/index.php\/2022\/06\/09\/san-ignacio-de-loyola-obra-y-legado\/#primaryimage\"},\"image\":{\"@id\":\"https:\/\/alumniberoleon.org\/index.php\/2022\/06\/09\/san-ignacio-de-loyola-obra-y-legado\/#primaryimage\"},\"thumbnailUrl\":\"https:\/\/alumniberoleon.org\/wp-content\/uploads\/2022\/06\/San-Ignacio.jpg\",\"datePublished\":\"2022-06-09T07:07:50+00:00\",\"dateModified\":\"2022-07-20T02:13:35+00:00\",\"description\":\"San ignacio de Loyola fue un soldado y primer General de la Compa\u00f1\u00eda de Jes\u00fas. Fue el puente entre la Iglesia y la modernidad naciente.\",\"breadcrumb\":{\"@id\":\"https:\/\/alumniberoleon.org\/index.php\/2022\/06\/09\/san-ignacio-de-loyola-obra-y-legado\/#breadcrumb\"},\"inLanguage\":\"es\",\"potentialAction\":[{\"@type\":\"ReadAction\",\"target\":[\"https:\/\/alumniberoleon.org\/index.php\/2022\/06\/09\/san-ignacio-de-loyola-obra-y-legado\/\"]}]},{\"@type\":\"ImageObject\",\"inLanguage\":\"es\",\"@id\":\"https:\/\/alumniberoleon.org\/index.php\/2022\/06\/09\/san-ignacio-de-loyola-obra-y-legado\/#primaryimage\",\"url\":\"https:\/\/alumniberoleon.org\/wp-content\/uploads\/2022\/06\/San-Ignacio.jpg\",\"contentUrl\":\"https:\/\/alumniberoleon.org\/wp-content\/uploads\/2022\/06\/San-Ignacio.jpg\",\"width\":798,\"height\":456},{\"@type\":\"BreadcrumbList\",\"@id\":\"https:\/\/alumniberoleon.org\/index.php\/2022\/06\/09\/san-ignacio-de-loyola-obra-y-legado\/#breadcrumb\",\"itemListElement\":[{\"@type\":\"ListItem\",\"position\":1,\"name\":\"Portada\",\"item\":\"https:\/\/alumniberoleon.org\/\"},{\"@type\":\"ListItem\",\"position\":2,\"name\":\"San Ignacio de Loyola: Obra y legado\"}]},{\"@type\":\"WebSite\",\"@id\":\"https:\/\/alumniberoleon.org\/#website\",\"url\":\"https:\/\/alumniberoleon.org\/\",\"name\":\"Alumni Ibero Le\u00f3n\",\"description\":\"Activando la comunidad de exalumn@s de la Universidad Iberoamericana Le\u00f3n\",\"publisher\":{\"@id\":\"https:\/\/alumniberoleon.org\/#organization\"},\"potentialAction\":[{\"@type\":\"SearchAction\",\"target\":{\"@type\":\"EntryPoint\",\"urlTemplate\":\"https:\/\/alumniberoleon.org\/?s={search_term_string}\"},\"query-input\":{\"@type\":\"PropertyValueSpecification\",\"valueRequired\":true,\"valueName\":\"search_term_string\"}}],\"inLanguage\":\"es\"},{\"@type\":\"Organization\",\"@id\":\"https:\/\/alumniberoleon.org\/#organization\",\"name\":\"Alumni Ibero Le\u00f3n\",\"url\":\"https:\/\/alumniberoleon.org\/\",\"logo\":{\"@type\":\"ImageObject\",\"inLanguage\":\"es\",\"@id\":\"https:\/\/alumniberoleon.org\/#\/schema\/logo\/image\/\",\"url\":\"https:\/\/alumniberoleon.org\/wp-content\/uploads\/2025\/08\/Captura-de-pantalla-2025-08-16-a-las-5.02.38-p.-m.png\",\"contentUrl\":\"https:\/\/alumniberoleon.org\/wp-content\/uploads\/2025\/08\/Captura-de-pantalla-2025-08-16-a-las-5.02.38-p.-m.png\",\"width\":296,\"height\":260,\"caption\":\"Alumni Ibero Le\u00f3n\"},\"image\":{\"@id\":\"https:\/\/alumniberoleon.org\/#\/schema\/logo\/image\/\"}},{\"@type\":\"Person\",\"@id\":\"https:\/\/alumniberoleon.org\/#\/schema\/person\/80250aa7660a461cd6c700236dc7aab3\",\"name\":\"alumniiberoleon\",\"image\":{\"@type\":\"ImageObject\",\"inLanguage\":\"es\",\"@id\":\"https:\/\/alumniberoleon.org\/#\/schema\/person\/image\/\",\"url\":\"https:\/\/secure.gravatar.com\/avatar\/bef59e3989d7017facdb20c9913a5ea420050b30fbc945cc769983fffe6c8e15?s=96&d=mm&r=g\",\"contentUrl\":\"https:\/\/secure.gravatar.com\/avatar\/bef59e3989d7017facdb20c9913a5ea420050b30fbc945cc769983fffe6c8e15?s=96&d=mm&r=g\",\"caption\":\"alumniiberoleon\"},\"url\":\"https:\/\/alumniberoleon.org\/index.php\/author\/mariomondra\/\"}]}<\/script>\n<!-- \/ Yoast SEO plugin. -->","yoast_head_json":{"title":"San Ignacio de Loyola: Obra y legado - Alumni Ibero Le\u00f3n","description":"San ignacio de Loyola fue un soldado y primer General de la Compa\u00f1\u00eda de Jes\u00fas. Fue el puente entre la Iglesia y la modernidad naciente.","robots":{"index":"index","follow":"follow","max-snippet":"max-snippet:-1","max-image-preview":"max-image-preview:large","max-video-preview":"max-video-preview:-1"},"canonical":"https:\/\/alumniberoleon.org\/index.php\/2022\/06\/09\/san-ignacio-de-loyola-obra-y-legado\/","og_locale":"es_ES","og_type":"article","og_title":"San Ignacio de Loyola: Obra y legado - Alumni Ibero Le\u00f3n","og_description":"San ignacio de Loyola fue un soldado y primer General de la Compa\u00f1\u00eda de Jes\u00fas. Fue el puente entre la Iglesia y la modernidad naciente.","og_url":"https:\/\/alumniberoleon.org\/index.php\/2022\/06\/09\/san-ignacio-de-loyola-obra-y-legado\/","og_site_name":"Alumni Ibero Le\u00f3n","article_published_time":"2022-06-09T07:07:50+00:00","article_modified_time":"2022-07-20T02:13:35+00:00","og_image":[{"width":798,"height":456,"url":"https:\/\/alumniberoleon.org\/wp-content\/uploads\/2022\/06\/San-Ignacio.jpg","type":"image\/jpeg"}],"author":"alumniiberoleon","twitter_card":"summary_large_image","twitter_misc":{"Escrito por":"alumniiberoleon","Tiempo de lectura":"3 minutos"},"schema":{"@context":"https:\/\/schema.org","@graph":[{"@type":"Article","@id":"https:\/\/alumniberoleon.org\/index.php\/2022\/06\/09\/san-ignacio-de-loyola-obra-y-legado\/#article","isPartOf":{"@id":"https:\/\/alumniberoleon.org\/index.php\/2022\/06\/09\/san-ignacio-de-loyola-obra-y-legado\/"},"author":{"name":"alumniiberoleon","@id":"https:\/\/alumniberoleon.org\/#\/schema\/person\/80250aa7660a461cd6c700236dc7aab3"},"headline":"San Ignacio de Loyola: Obra y legado","datePublished":"2022-06-09T07:07:50+00:00","dateModified":"2022-07-20T02:13:35+00:00","mainEntityOfPage":{"@id":"https:\/\/alumniberoleon.org\/index.php\/2022\/06\/09\/san-ignacio-de-loyola-obra-y-legado\/"},"wordCount":520,"commentCount":0,"publisher":{"@id":"https:\/\/alumniberoleon.org\/#organization"},"image":{"@id":"https:\/\/alumniberoleon.org\/index.php\/2022\/06\/09\/san-ignacio-de-loyola-obra-y-legado\/#primaryimage"},"thumbnailUrl":"https:\/\/alumniberoleon.org\/wp-content\/uploads\/2022\/06\/San-Ignacio.jpg","articleSection":["post"],"inLanguage":"es","potentialAction":[{"@type":"CommentAction","name":"Comment","target":["https:\/\/alumniberoleon.org\/index.php\/2022\/06\/09\/san-ignacio-de-loyola-obra-y-legado\/#respond"]}]},{"@type":"WebPage","@id":"https:\/\/alumniberoleon.org\/index.php\/2022\/06\/09\/san-ignacio-de-loyola-obra-y-legado\/","url":"https:\/\/alumniberoleon.org\/index.php\/2022\/06\/09\/san-ignacio-de-loyola-obra-y-legado\/","name":"San Ignacio de Loyola: Obra y legado - Alumni Ibero Le\u00f3n","isPartOf":{"@id":"https:\/\/alumniberoleon.org\/#website"},"primaryImageOfPage":{"@id":"https:\/\/alumniberoleon.org\/index.php\/2022\/06\/09\/san-ignacio-de-loyola-obra-y-legado\/#primaryimage"},"image":{"@id":"https:\/\/alumniberoleon.org\/index.php\/2022\/06\/09\/san-ignacio-de-loyola-obra-y-legado\/#primaryimage"},"thumbnailUrl":"https:\/\/alumniberoleon.org\/wp-content\/uploads\/2022\/06\/San-Ignacio.jpg","datePublished":"2022-06-09T07:07:50+00:00","dateModified":"2022-07-20T02:13:35+00:00","description":"San ignacio de Loyola fue un soldado y primer General de la Compa\u00f1\u00eda de Jes\u00fas. Fue el puente entre la Iglesia y la modernidad naciente.","breadcrumb":{"@id":"https:\/\/alumniberoleon.org\/index.php\/2022\/06\/09\/san-ignacio-de-loyola-obra-y-legado\/#breadcrumb"},"inLanguage":"es","potentialAction":[{"@type":"ReadAction","target":["https:\/\/alumniberoleon.org\/index.php\/2022\/06\/09\/san-ignacio-de-loyola-obra-y-legado\/"]}]},{"@type":"ImageObject","inLanguage":"es","@id":"https:\/\/alumniberoleon.org\/index.php\/2022\/06\/09\/san-ignacio-de-loyola-obra-y-legado\/#primaryimage","url":"https:\/\/alumniberoleon.org\/wp-content\/uploads\/2022\/06\/San-Ignacio.jpg","contentUrl":"https:\/\/alumniberoleon.org\/wp-content\/uploads\/2022\/06\/San-Ignacio.jpg","width":798,"height":456},{"@type":"BreadcrumbList","@id":"https:\/\/alumniberoleon.org\/index.php\/2022\/06\/09\/san-ignacio-de-loyola-obra-y-legado\/#breadcrumb","itemListElement":[{"@type":"ListItem","position":1,"name":"Portada","item":"https:\/\/alumniberoleon.org\/"},{"@type":"ListItem","position":2,"name":"San Ignacio de Loyola: Obra y legado"}]},{"@type":"WebSite","@id":"https:\/\/alumniberoleon.org\/#website","url":"https:\/\/alumniberoleon.org\/","name":"Alumni Ibero Le\u00f3n","description":"Activando la comunidad de exalumn@s de la Universidad Iberoamericana Le\u00f3n","publisher":{"@id":"https:\/\/alumniberoleon.org\/#organization"},"potentialAction":[{"@type":"SearchAction","target":{"@type":"EntryPoint","urlTemplate":"https:\/\/alumniberoleon.org\/?s={search_term_string}"},"query-input":{"@type":"PropertyValueSpecification","valueRequired":true,"valueName":"search_term_string"}}],"inLanguage":"es"},{"@type":"Organization","@id":"https:\/\/alumniberoleon.org\/#organization","name":"Alumni Ibero Le\u00f3n","url":"https:\/\/alumniberoleon.org\/","logo":{"@type":"ImageObject","inLanguage":"es","@id":"https:\/\/alumniberoleon.org\/#\/schema\/logo\/image\/","url":"https:\/\/alumniberoleon.org\/wp-content\/uploads\/2025\/08\/Captura-de-pantalla-2025-08-16-a-las-5.02.38-p.-m.png","contentUrl":"https:\/\/alumniberoleon.org\/wp-content\/uploads\/2025\/08\/Captura-de-pantalla-2025-08-16-a-las-5.02.38-p.-m.png","width":296,"height":260,"caption":"Alumni Ibero Le\u00f3n"},"image":{"@id":"https:\/\/alumniberoleon.org\/#\/schema\/logo\/image\/"}},{"@type":"Person","@id":"https:\/\/alumniberoleon.org\/#\/schema\/person\/80250aa7660a461cd6c700236dc7aab3","name":"alumniiberoleon","image":{"@type":"ImageObject","inLanguage":"es","@id":"https:\/\/alumniberoleon.org\/#\/schema\/person\/image\/","url":"https:\/\/secure.gravatar.com\/avatar\/bef59e3989d7017facdb20c9913a5ea420050b30fbc945cc769983fffe6c8e15?s=96&d=mm&r=g","contentUrl":"https:\/\/secure.gravatar.com\/avatar\/bef59e3989d7017facdb20c9913a5ea420050b30fbc945cc769983fffe6c8e15?s=96&d=mm&r=g","caption":"alumniiberoleon"},"url":"https:\/\/alumniberoleon.org\/index.php\/author\/mariomondra\/"}]}},"_links":{"self":[{"href":"https:\/\/alumniberoleon.org\/index.php\/wp-json\/wp\/v2\/posts\/431","targetHints":{"allow":["GET"]}}],"collection":[{"href":"https:\/\/alumniberoleon.org\/index.php\/wp-json\/wp\/v2\/posts"}],"about":[{"href":"https:\/\/alumniberoleon.org\/index.php\/wp-json\/wp\/v2\/types\/post"}],"author":[{"embeddable":true,"href":"https:\/\/alumniberoleon.org\/index.php\/wp-json\/wp\/v2\/users\/2"}],"replies":[{"embeddable":true,"href":"https:\/\/alumniberoleon.org\/index.php\/wp-json\/wp\/v2\/comments?post=431"}],"version-history":[{"count":6,"href":"https:\/\/alumniberoleon.org\/index.php\/wp-json\/wp\/v2\/posts\/431\/revisions"}],"predecessor-version":[{"id":843,"href":"https:\/\/alumniberoleon.org\/index.php\/wp-json\/wp\/v2\/posts\/431\/revisions\/843"}],"wp:featuredmedia":[{"embeddable":true,"href":"https:\/\/alumniberoleon.org\/index.php\/wp-json\/wp\/v2\/media\/432"}],"wp:attachment":[{"href":"https:\/\/alumniberoleon.org\/index.php\/wp-json\/wp\/v2\/media?parent=431"}],"wp:term":[{"taxonomy":"category","embeddable":true,"href":"https:\/\/alumniberoleon.org\/index.php\/wp-json\/wp\/v2\/categories?post=431"},{"taxonomy":"post_tag","embeddable":true,"href":"https:\/\/alumniberoleon.org\/index.php\/wp-json\/wp\/v2\/tags?post=431"}],"curies":[{"name":"wp","href":"https:\/\/api.w.org\/{rel}","templated":true}]}}