{"id":1745,"date":"2023-09-13T12:29:45","date_gmt":"2023-09-13T18:29:45","guid":{"rendered":"https:\/\/alumniberoleon.org\/?p=1745"},"modified":"2023-09-13T12:34:15","modified_gmt":"2023-09-13T18:34:15","slug":"etiqueta-vestimenta","status":"publish","type":"post","link":"https:\/\/alumniberoleon.org\/index.php\/2023\/09\/13\/etiqueta-vestimenta\/","title":{"rendered":"La importancia de la etiqueta de vestimenta en Eventos Sociales"},"content":{"rendered":"\t\t<div data-elementor-type=\"wp-post\" data-elementor-id=\"1745\" class=\"elementor elementor-1745\">\n\t\t\t\t\t\t<section class=\"elementor-section elementor-top-section elementor-element elementor-element-3ddfd90 elementor-section-boxed elementor-section-height-default elementor-section-height-default\" data-id=\"3ddfd90\" data-element_type=\"section\">\n\t\t\t\t\t\t<div class=\"elementor-container elementor-column-gap-default\">\n\t\t\t\t\t<div class=\"elementor-column elementor-col-100 elementor-top-column elementor-element elementor-element-71600de\" data-id=\"71600de\" data-element_type=\"column\">\n\t\t\t<div class=\"elementor-widget-wrap elementor-element-populated\">\n\t\t\t\t\t\t<div class=\"elementor-element elementor-element-7390e4e elementor-widget elementor-widget-text-editor\" data-id=\"7390e4e\" data-element_type=\"widget\" data-widget_type=\"text-editor.default\">\n\t\t\t\t\t\t\t\t\t<p>Una de las decisiones que tomar al acudir a un evento es la elecci\u00f3n de tu atuendo.<\/p><p>En este art\u00edculo, te sumergir\u00e1s en el mundo de la etiqueta de vestimenta para estar de acuerdo al evento. Te guiaremos a trav\u00e9s de las diferentes ocasiones que pueden cruzar tu camino, desde reuniones formales hasta eventos de networking y celebraciones especiales. Descubrir\u00e1s c\u00f3mo adaptar tu estilo personal para destacar, transmitir confianza y comunicar mejor.<\/p>\t\t\t\t\t\t\t\t<\/div>\n\t\t\t\t\t<\/div>\n\t\t<\/div>\n\t\t\t\t\t<\/div>\n\t\t<\/section>\n\t\t\t\t<section class=\"elementor-section elementor-top-section elementor-element elementor-element-9503b72 elementor-section-boxed elementor-section-height-default elementor-section-height-default\" data-id=\"9503b72\" data-element_type=\"section\">\n\t\t\t\t\t\t<div class=\"elementor-container elementor-column-gap-default\">\n\t\t\t\t\t<div class=\"elementor-column elementor-col-50 elementor-top-column elementor-element elementor-element-9fcb44f\" data-id=\"9fcb44f\" data-element_type=\"column\">\n\t\t\t<div class=\"elementor-widget-wrap elementor-element-populated\">\n\t\t\t\t\t\t<div class=\"elementor-element elementor-element-f216b8a elementor-widget elementor-widget-text-editor\" data-id=\"f216b8a\" data-element_type=\"widget\" data-widget_type=\"text-editor.default\">\n\t\t\t\t\t\t\t\t\t<h2>Etiqueta Formal<\/h2><p><em>Para Hombres<\/em>: En eventos formales como bodas de gala o recepciones, los hombres deben optar por un esmoquin o traje negro cl\u00e1sico. Acompa\u00f1ado de una camisa blanca de vestir, corbata de seda y zapatos de vestir negros, este conjunto es la elecci\u00f3n elegante. Complementa con gemelos y un pa\u00f1uelo de bolsillo.<\/p><p><em>Para Mujeres<\/em>: La etiqueta formal exige vestidos largos o trajes de noche de alta costura. Colores oscuros y tejidos de calidad son ideales. Combina con joyas sofisticadas y un clutch a juego. Los tacones altos y un maquillaje impecable completar\u00e1n el look.<\/p>\t\t\t\t\t\t\t\t<\/div>\n\t\t\t\t\t<\/div>\n\t\t<\/div>\n\t\t\t\t<div class=\"elementor-column elementor-col-50 elementor-top-column elementor-element elementor-element-5ee7e0a\" data-id=\"5ee7e0a\" data-element_type=\"column\">\n\t\t\t<div class=\"elementor-widget-wrap elementor-element-populated\">\n\t\t\t\t\t\t<div class=\"elementor-element elementor-element-363e337 elementor-widget__width-initial elementor-widget elementor-widget-image\" data-id=\"363e337\" data-element_type=\"widget\" data-widget_type=\"image.default\">\n\t\t\t\t\t\t\t\t\t\t\t\t\t\t\t<img fetchpriority=\"high\" decoding=\"async\" width=\"1200\" height=\"800\" src=\"https:\/\/alumniberoleon.org\/wp-content\/uploads\/2023\/09\/formales.png\" class=\"attachment-full size-full wp-image-1747\" alt=\"\" srcset=\"https:\/\/alumniberoleon.org\/wp-content\/uploads\/2023\/09\/formales.png 1200w, https:\/\/alumniberoleon.org\/wp-content\/uploads\/2023\/09\/formales-600x400.png 600w\" sizes=\"(max-width: 1200px) 100vw, 1200px\" \/>\t\t\t\t\t\t\t\t\t\t\t\t\t\t\t<\/div>\n\t\t\t\t\t<\/div>\n\t\t<\/div>\n\t\t\t\t\t<\/div>\n\t\t<\/section>\n\t\t\t\t<section class=\"elementor-section elementor-top-section elementor-element elementor-element-6ef7b85 elementor-section-boxed elementor-section-height-default elementor-section-height-default\" data-id=\"6ef7b85\" data-element_type=\"section\">\n\t\t\t\t\t\t<div class=\"elementor-container elementor-column-gap-default\">\n\t\t\t\t\t<div class=\"elementor-column elementor-col-50 elementor-top-column elementor-element elementor-element-5ab1906\" data-id=\"5ab1906\" data-element_type=\"column\">\n\t\t\t<div class=\"elementor-widget-wrap elementor-element-populated\">\n\t\t\t\t\t\t<div class=\"elementor-element elementor-element-3f5c918 elementor-widget elementor-widget-image\" data-id=\"3f5c918\" data-element_type=\"widget\" data-widget_type=\"image.default\">\n\t\t\t\t\t\t\t\t\t\t\t\t\t\t\t<img decoding=\"async\" width=\"1024\" height=\"800\" src=\"https:\/\/alumniberoleon.org\/wp-content\/uploads\/2023\/09\/Coctail-1024x800.png\" class=\"attachment-large size-large wp-image-1748\" alt=\"\" \/>\t\t\t\t\t\t\t\t\t\t\t\t\t\t\t<\/div>\n\t\t\t\t\t<\/div>\n\t\t<\/div>\n\t\t\t\t<div class=\"elementor-column elementor-col-50 elementor-top-column elementor-element elementor-element-a4a3a8e\" data-id=\"a4a3a8e\" data-element_type=\"column\">\n\t\t\t<div class=\"elementor-widget-wrap elementor-element-populated\">\n\t\t\t\t\t\t<div class=\"elementor-element elementor-element-2ab4dff elementor-widget elementor-widget-text-editor\" data-id=\"2ab4dff\" data-element_type=\"widget\" data-widget_type=\"text-editor.default\">\n\t\t\t\t\t\t\t\t\t<h2>Etiqueta de C\u00f3ctel<\/h2><p><em>Para Hombres<\/em>: El smart casual es la clave aqu\u00ed. Un traje sin corbata es una elecci\u00f3n acertada. Combina colores y tejidos con estilo, y agrega una pincelada de elegancia con un pa\u00f1uelo de bolsillo. Los zapatos de vestir completan el conjunto.<\/p><p><em>Para Mujeres<\/em>: Opta por un vestido de c\u00f3ctel elegante que llegue hasta la rodilla o ligeramente por encima. Los tacones y accesorios refinados, como un collar llamativo o unos pendientes brillantes, realzar\u00e1n tu look.<\/p>\t\t\t\t\t\t\t\t<\/div>\n\t\t\t\t\t<\/div>\n\t\t<\/div>\n\t\t\t\t\t<\/div>\n\t\t<\/section>\n\t\t\t\t<section class=\"elementor-section elementor-top-section elementor-element elementor-element-8069a24 elementor-section-boxed elementor-section-height-default elementor-section-height-default\" data-id=\"8069a24\" data-element_type=\"section\">\n\t\t\t\t\t\t<div class=\"elementor-container elementor-column-gap-default\">\n\t\t\t\t\t<div class=\"elementor-column elementor-col-50 elementor-top-column elementor-element elementor-element-e95df4d\" data-id=\"e95df4d\" data-element_type=\"column\">\n\t\t\t<div class=\"elementor-widget-wrap elementor-element-populated\">\n\t\t\t\t\t\t<div class=\"elementor-element elementor-element-2c114e8 elementor-widget elementor-widget-text-editor\" data-id=\"2c114e8\" data-element_type=\"widget\" data-widget_type=\"text-editor.default\">\n\t\t\t\t\t\t\t\t\t<h2><span style=\"font-weight: 600;\">Smart Casual<\/span><\/h2><p><em>Para Hombres<\/em>: El smart casual permite mayor flexibilidad. Unos pantalones chinos combinados con una camisa de vestir y unos mocasines son una elecci\u00f3n s\u00f3lida. Puedes optar por una chaqueta ligera si lo deseas.<\/p><p><em>Para Mujeres<\/em>: Un vestido informal o una falda con blusa es adecuado. Combina con calzado c\u00f3modo pero elegante, como bailarinas o botines. Los accesorios discretos a\u00f1adir\u00e1n un toque personal.<\/p>\t\t\t\t\t\t\t\t<\/div>\n\t\t\t\t\t<\/div>\n\t\t<\/div>\n\t\t\t\t<div class=\"elementor-column elementor-col-50 elementor-top-column elementor-element elementor-element-69e71f5\" data-id=\"69e71f5\" data-element_type=\"column\">\n\t\t\t<div class=\"elementor-widget-wrap elementor-element-populated\">\n\t\t\t\t\t\t<div class=\"elementor-element elementor-element-ed15f75 elementor-widget elementor-widget-image\" data-id=\"ed15f75\" data-element_type=\"widget\" data-widget_type=\"image.default\">\n\t\t\t\t\t\t\t\t\t\t\t\t\t\t\t<img decoding=\"async\" width=\"1024\" height=\"800\" src=\"https:\/\/alumniberoleon.org\/wp-content\/uploads\/2023\/09\/Smart-Casual-1024x800.png\" class=\"attachment-large size-large wp-image-1749\" alt=\"\" \/>\t\t\t\t\t\t\t\t\t\t\t\t\t\t\t<\/div>\n\t\t\t\t\t<\/div>\n\t\t<\/div>\n\t\t\t\t\t<\/div>\n\t\t<\/section>\n\t\t\t\t<section class=\"elementor-section elementor-top-section elementor-element elementor-element-af4fb8b elementor-section-boxed elementor-section-height-default elementor-section-height-default\" data-id=\"af4fb8b\" data-element_type=\"section\">\n\t\t\t\t\t\t<div class=\"elementor-container elementor-column-gap-default\">\n\t\t\t\t\t<div class=\"elementor-column elementor-col-50 elementor-top-column elementor-element elementor-element-77fe3e9\" data-id=\"77fe3e9\" data-element_type=\"column\">\n\t\t\t<div class=\"elementor-widget-wrap elementor-element-populated\">\n\t\t\t\t\t\t<div class=\"elementor-element elementor-element-266febf elementor-widget elementor-widget-image\" data-id=\"266febf\" data-element_type=\"widget\" data-widget_type=\"image.default\">\n\t\t\t\t\t\t\t\t\t\t\t\t\t\t\t<img loading=\"lazy\" decoding=\"async\" width=\"1024\" height=\"800\" src=\"https:\/\/alumniberoleon.org\/wp-content\/uploads\/2023\/09\/informal-1024x800.png\" class=\"attachment-large size-large wp-image-1750\" alt=\"\" \/>\t\t\t\t\t\t\t\t\t\t\t\t\t\t\t<\/div>\n\t\t\t\t\t<\/div>\n\t\t<\/div>\n\t\t\t\t<div class=\"elementor-column elementor-col-50 elementor-top-column elementor-element elementor-element-8c762bb\" data-id=\"8c762bb\" data-element_type=\"column\">\n\t\t\t<div class=\"elementor-widget-wrap elementor-element-populated\">\n\t\t\t\t\t\t<div class=\"elementor-element elementor-element-51b99df elementor-widget elementor-widget-text-editor\" data-id=\"51b99df\" data-element_type=\"widget\" data-widget_type=\"text-editor.default\">\n\t\t\t\t\t\t\t\t\t<h2><span style=\"font-weight: 600;\">Etiqueta Informal<\/span><\/h2><p><em>Para Hombres<\/em>: La etiqueta informal es c\u00f3moda pero cuidada. Jeans o pantalones casuales, camisetas de buena calidad y zapatillas o zapatos deportivos elegantes son la elecci\u00f3n ideal.<\/p><p><em>Para Mujeres<\/em>: Opta por jeans o pantalones casuales con una camiseta o su\u00e9ter. Las zapatillas, sandalias o botas son apropiadas. Un bolso cruzado y joyas sencillas complementar\u00e1n tu atuendo.<\/p>\t\t\t\t\t\t\t\t<\/div>\n\t\t\t\t\t<\/div>\n\t\t<\/div>\n\t\t\t\t\t<\/div>\n\t\t<\/section>\n\t\t\t\t<section class=\"elementor-section elementor-top-section elementor-element elementor-element-413feec elementor-section-boxed elementor-section-height-default elementor-section-height-default\" data-id=\"413feec\" data-element_type=\"section\">\n\t\t\t\t\t\t<div class=\"elementor-container elementor-column-gap-default\">\n\t\t\t\t\t<div class=\"elementor-column elementor-col-50 elementor-top-column elementor-element elementor-element-e419ccf\" data-id=\"e419ccf\" data-element_type=\"column\">\n\t\t\t<div class=\"elementor-widget-wrap elementor-element-populated\">\n\t\t\t\t\t\t<div class=\"elementor-element elementor-element-647b278 elementor-widget elementor-widget-text-editor\" data-id=\"647b278\" data-element_type=\"widget\" data-widget_type=\"text-editor.default\">\n\t\t\t\t\t\t\t\t\t<h2><span style=\"font-weight: 600;\">\u00abDe etiqueta\u00bb<\/span><\/h2><p><em>Para Hombres<\/em>: Un esmoquin con una camisa blanca de vestir y pajarita es esencial. A\u00f1ade gemelos elegantes y zapatos de vestir pulidos. No olvides el pa\u00f1uelo de bolsillo en el bolsillo de la chaqueta.<\/p><p><em>Para Mujeres<\/em>: Los vestidos largos y elegantes son una necesidad. Opta por colores cl\u00e1sicos y tejidos de calidad. Joyas sofisticadas y un clutch a juego complementar\u00e1n tu look.<\/p><p>Recuerda que la etiqueta de vestimenta adecuada muestra respeto por la ocasi\u00f3n y consideraci\u00f3n hacia los anfitriones y otros asistentes. \u00a1Viste con confianza y disfruta al m\u00e1ximo de cada evento!<\/p>\t\t\t\t\t\t\t\t<\/div>\n\t\t\t\t\t<\/div>\n\t\t<\/div>\n\t\t\t\t<div class=\"elementor-column elementor-col-50 elementor-top-column elementor-element elementor-element-e16be2c\" data-id=\"e16be2c\" data-element_type=\"column\">\n\t\t\t<div class=\"elementor-widget-wrap elementor-element-populated\">\n\t\t\t\t\t\t<div class=\"elementor-element elementor-element-00d6190 elementor-widget elementor-widget-image\" data-id=\"00d6190\" data-element_type=\"widget\" data-widget_type=\"image.default\">\n\t\t\t\t\t\t\t\t\t\t\t\t\t\t\t<img loading=\"lazy\" decoding=\"async\" width=\"1024\" height=\"800\" src=\"https:\/\/alumniberoleon.org\/wp-content\/uploads\/2023\/09\/de-etiqueta-1024x800.png\" class=\"attachment-large size-large wp-image-1751\" alt=\"\" \/>\t\t\t\t\t\t\t\t\t\t\t\t\t\t\t<\/div>\n\t\t\t\t\t<\/div>\n\t\t<\/div>\n\t\t\t\t\t<\/div>\n\t\t<\/section>\n\t\t\t\t<\/div>\n\t\t","protected":false},"excerpt":{"rendered":"<p>Una de las decisiones que tomar al acudir a un evento es la elecci\u00f3n de tu atuendo. En este art\u00edculo, te sumergir\u00e1s en el mundo de la etiqueta de vestimenta para estar de acuerdo al evento. Te guiaremos a trav\u00e9s de las diferentes ocasiones que pueden cruzar tu camino, desde reuniones formales hasta eventos de&#8230;<\/p>\n","protected":false},"author":2,"featured_media":0,"comment_status":"open","ping_status":"open","sticky":false,"template":"","format":"standard","meta":{"content-type":"","_monsterinsights_skip_tracking":false,"_monsterinsights_sitenote_active":false,"_monsterinsights_sitenote_note":"","_monsterinsights_sitenote_category":0,"footnotes":""},"categories":[1],"tags":[],"class_list":["post-1745","post","type-post","status-publish","format-standard","hentry","category-sin-categoria"],"yoast_head":"<!-- This site is optimized with the Yoast SEO plugin v25.7 - https:\/\/yoast.com\/wordpress\/plugins\/seo\/ -->\n<title>La importancia de la etiqueta de vestimenta en Eventos Sociales - Alumni Ibero Le\u00f3n<\/title>\n<meta name=\"robots\" content=\"index, follow, max-snippet:-1, max-image-preview:large, max-video-preview:-1\" \/>\n<link rel=\"canonical\" href=\"https:\/\/alumniberoleon.org\/index.php\/2023\/09\/13\/etiqueta-vestimenta\/\" \/>\n<meta property=\"og:locale\" content=\"es_ES\" \/>\n<meta property=\"og:type\" content=\"article\" \/>\n<meta property=\"og:title\" content=\"La importancia de la etiqueta de vestimenta en Eventos Sociales - Alumni Ibero Le\u00f3n\" \/>\n<meta property=\"og:description\" content=\"Una de las decisiones que tomar al acudir a un evento es la elecci\u00f3n de tu atuendo. En este art\u00edculo, te sumergir\u00e1s en el mundo de la etiqueta de vestimenta para estar de acuerdo al evento. Te guiaremos a trav\u00e9s de las diferentes ocasiones que pueden cruzar tu camino, desde reuniones formales hasta eventos de...\" \/>\n<meta property=\"og:url\" content=\"https:\/\/alumniberoleon.org\/index.php\/2023\/09\/13\/etiqueta-vestimenta\/\" \/>\n<meta property=\"og:site_name\" content=\"Alumni Ibero Le\u00f3n\" \/>\n<meta property=\"article:published_time\" content=\"2023-09-13T18:29:45+00:00\" \/>\n<meta property=\"article:modified_time\" content=\"2023-09-13T18:34:15+00:00\" \/>\n<meta property=\"og:image\" content=\"https:\/\/alumniberoleon.org\/wp-content\/uploads\/2023\/09\/formales.png\" \/>\n<meta name=\"author\" content=\"alumniiberoleon\" \/>\n<meta name=\"twitter:card\" content=\"summary_large_image\" \/>\n<meta name=\"twitter:label1\" content=\"Escrito por\" \/>\n\t<meta name=\"twitter:data1\" content=\"alumniiberoleon\" \/>\n\t<meta name=\"twitter:label2\" content=\"Tiempo de lectura\" \/>\n\t<meta name=\"twitter:data2\" content=\"4 minutos\" \/>\n<script type=\"application\/ld+json\" class=\"yoast-schema-graph\">{\"@context\":\"https:\/\/schema.org\",\"@graph\":[{\"@type\":\"Article\",\"@id\":\"https:\/\/alumniberoleon.org\/index.php\/2023\/09\/13\/etiqueta-vestimenta\/#article\",\"isPartOf\":{\"@id\":\"https:\/\/alumniberoleon.org\/index.php\/2023\/09\/13\/etiqueta-vestimenta\/\"},\"author\":{\"name\":\"alumniiberoleon\",\"@id\":\"https:\/\/alumniberoleon.org\/#\/schema\/person\/80250aa7660a461cd6c700236dc7aab3\"},\"headline\":\"La importancia de la etiqueta de vestimenta en Eventos Sociales\",\"datePublished\":\"2023-09-13T18:29:45+00:00\",\"dateModified\":\"2023-09-13T18:34:15+00:00\",\"mainEntityOfPage\":{\"@id\":\"https:\/\/alumniberoleon.org\/index.php\/2023\/09\/13\/etiqueta-vestimenta\/\"},\"wordCount\":503,\"commentCount\":0,\"publisher\":{\"@id\":\"https:\/\/alumniberoleon.org\/#organization\"},\"image\":{\"@id\":\"https:\/\/alumniberoleon.org\/index.php\/2023\/09\/13\/etiqueta-vestimenta\/#primaryimage\"},\"thumbnailUrl\":\"https:\/\/alumniberoleon.org\/wp-content\/uploads\/2023\/09\/formales.png\",\"inLanguage\":\"es\",\"potentialAction\":[{\"@type\":\"CommentAction\",\"name\":\"Comment\",\"target\":[\"https:\/\/alumniberoleon.org\/index.php\/2023\/09\/13\/etiqueta-vestimenta\/#respond\"]}]},{\"@type\":\"WebPage\",\"@id\":\"https:\/\/alumniberoleon.org\/index.php\/2023\/09\/13\/etiqueta-vestimenta\/\",\"url\":\"https:\/\/alumniberoleon.org\/index.php\/2023\/09\/13\/etiqueta-vestimenta\/\",\"name\":\"La importancia de la etiqueta de vestimenta en Eventos Sociales - Alumni Ibero Le\u00f3n\",\"isPartOf\":{\"@id\":\"https:\/\/alumniberoleon.org\/#website\"},\"primaryImageOfPage\":{\"@id\":\"https:\/\/alumniberoleon.org\/index.php\/2023\/09\/13\/etiqueta-vestimenta\/#primaryimage\"},\"image\":{\"@id\":\"https:\/\/alumniberoleon.org\/index.php\/2023\/09\/13\/etiqueta-vestimenta\/#primaryimage\"},\"thumbnailUrl\":\"https:\/\/alumniberoleon.org\/wp-content\/uploads\/2023\/09\/formales.png\",\"datePublished\":\"2023-09-13T18:29:45+00:00\",\"dateModified\":\"2023-09-13T18:34:15+00:00\",\"breadcrumb\":{\"@id\":\"https:\/\/alumniberoleon.org\/index.php\/2023\/09\/13\/etiqueta-vestimenta\/#breadcrumb\"},\"inLanguage\":\"es\",\"potentialAction\":[{\"@type\":\"ReadAction\",\"target\":[\"https:\/\/alumniberoleon.org\/index.php\/2023\/09\/13\/etiqueta-vestimenta\/\"]}]},{\"@type\":\"ImageObject\",\"inLanguage\":\"es\",\"@id\":\"https:\/\/alumniberoleon.org\/index.php\/2023\/09\/13\/etiqueta-vestimenta\/#primaryimage\",\"url\":\"https:\/\/alumniberoleon.org\/wp-content\/uploads\/2023\/09\/formales.png\",\"contentUrl\":\"https:\/\/alumniberoleon.org\/wp-content\/uploads\/2023\/09\/formales.png\",\"width\":1200,\"height\":800},{\"@type\":\"BreadcrumbList\",\"@id\":\"https:\/\/alumniberoleon.org\/index.php\/2023\/09\/13\/etiqueta-vestimenta\/#breadcrumb\",\"itemListElement\":[{\"@type\":\"ListItem\",\"position\":1,\"name\":\"Portada\",\"item\":\"https:\/\/alumniberoleon.org\/\"},{\"@type\":\"ListItem\",\"position\":2,\"name\":\"La importancia de la etiqueta de vestimenta en Eventos Sociales\"}]},{\"@type\":\"WebSite\",\"@id\":\"https:\/\/alumniberoleon.org\/#website\",\"url\":\"https:\/\/alumniberoleon.org\/\",\"name\":\"Alumni Ibero Le\u00f3n\",\"description\":\"Activando la comunidad de exalumn@s de la Universidad Iberoamericana Le\u00f3n\",\"publisher\":{\"@id\":\"https:\/\/alumniberoleon.org\/#organization\"},\"potentialAction\":[{\"@type\":\"SearchAction\",\"target\":{\"@type\":\"EntryPoint\",\"urlTemplate\":\"https:\/\/alumniberoleon.org\/?s={search_term_string}\"},\"query-input\":{\"@type\":\"PropertyValueSpecification\",\"valueRequired\":true,\"valueName\":\"search_term_string\"}}],\"inLanguage\":\"es\"},{\"@type\":\"Organization\",\"@id\":\"https:\/\/alumniberoleon.org\/#organization\",\"name\":\"Alumni Ibero Le\u00f3n\",\"url\":\"https:\/\/alumniberoleon.org\/\",\"logo\":{\"@type\":\"ImageObject\",\"inLanguage\":\"es\",\"@id\":\"https:\/\/alumniberoleon.org\/#\/schema\/logo\/image\/\",\"url\":\"https:\/\/alumniberoleon.org\/wp-content\/uploads\/2025\/08\/Captura-de-pantalla-2025-08-16-a-las-5.02.38-p.-m.png\",\"contentUrl\":\"https:\/\/alumniberoleon.org\/wp-content\/uploads\/2025\/08\/Captura-de-pantalla-2025-08-16-a-las-5.02.38-p.-m.png\",\"width\":296,\"height\":260,\"caption\":\"Alumni Ibero Le\u00f3n\"},\"image\":{\"@id\":\"https:\/\/alumniberoleon.org\/#\/schema\/logo\/image\/\"}},{\"@type\":\"Person\",\"@id\":\"https:\/\/alumniberoleon.org\/#\/schema\/person\/80250aa7660a461cd6c700236dc7aab3\",\"name\":\"alumniiberoleon\",\"image\":{\"@type\":\"ImageObject\",\"inLanguage\":\"es\",\"@id\":\"https:\/\/alumniberoleon.org\/#\/schema\/person\/image\/\",\"url\":\"https:\/\/secure.gravatar.com\/avatar\/bef59e3989d7017facdb20c9913a5ea420050b30fbc945cc769983fffe6c8e15?s=96&d=mm&r=g\",\"contentUrl\":\"https:\/\/secure.gravatar.com\/avatar\/bef59e3989d7017facdb20c9913a5ea420050b30fbc945cc769983fffe6c8e15?s=96&d=mm&r=g\",\"caption\":\"alumniiberoleon\"},\"url\":\"https:\/\/alumniberoleon.org\/index.php\/author\/mariomondra\/\"}]}<\/script>\n<!-- \/ Yoast SEO plugin. -->","yoast_head_json":{"title":"La importancia de la etiqueta de vestimenta en Eventos Sociales - Alumni Ibero Le\u00f3n","robots":{"index":"index","follow":"follow","max-snippet":"max-snippet:-1","max-image-preview":"max-image-preview:large","max-video-preview":"max-video-preview:-1"},"canonical":"https:\/\/alumniberoleon.org\/index.php\/2023\/09\/13\/etiqueta-vestimenta\/","og_locale":"es_ES","og_type":"article","og_title":"La importancia de la etiqueta de vestimenta en Eventos Sociales - Alumni Ibero Le\u00f3n","og_description":"Una de las decisiones que tomar al acudir a un evento es la elecci\u00f3n de tu atuendo. En este art\u00edculo, te sumergir\u00e1s en el mundo de la etiqueta de vestimenta para estar de acuerdo al evento. Te guiaremos a trav\u00e9s de las diferentes ocasiones que pueden cruzar tu camino, desde reuniones formales hasta eventos de...","og_url":"https:\/\/alumniberoleon.org\/index.php\/2023\/09\/13\/etiqueta-vestimenta\/","og_site_name":"Alumni Ibero Le\u00f3n","article_published_time":"2023-09-13T18:29:45+00:00","article_modified_time":"2023-09-13T18:34:15+00:00","og_image":[{"url":"https:\/\/alumniberoleon.org\/wp-content\/uploads\/2023\/09\/formales.png","type":"","width":"","height":""}],"author":"alumniiberoleon","twitter_card":"summary_large_image","twitter_misc":{"Escrito por":"alumniiberoleon","Tiempo de lectura":"4 minutos"},"schema":{"@context":"https:\/\/schema.org","@graph":[{"@type":"Article","@id":"https:\/\/alumniberoleon.org\/index.php\/2023\/09\/13\/etiqueta-vestimenta\/#article","isPartOf":{"@id":"https:\/\/alumniberoleon.org\/index.php\/2023\/09\/13\/etiqueta-vestimenta\/"},"author":{"name":"alumniiberoleon","@id":"https:\/\/alumniberoleon.org\/#\/schema\/person\/80250aa7660a461cd6c700236dc7aab3"},"headline":"La importancia de la etiqueta de vestimenta en Eventos Sociales","datePublished":"2023-09-13T18:29:45+00:00","dateModified":"2023-09-13T18:34:15+00:00","mainEntityOfPage":{"@id":"https:\/\/alumniberoleon.org\/index.php\/2023\/09\/13\/etiqueta-vestimenta\/"},"wordCount":503,"commentCount":0,"publisher":{"@id":"https:\/\/alumniberoleon.org\/#organization"},"image":{"@id":"https:\/\/alumniberoleon.org\/index.php\/2023\/09\/13\/etiqueta-vestimenta\/#primaryimage"},"thumbnailUrl":"https:\/\/alumniberoleon.org\/wp-content\/uploads\/2023\/09\/formales.png","inLanguage":"es","potentialAction":[{"@type":"CommentAction","name":"Comment","target":["https:\/\/alumniberoleon.org\/index.php\/2023\/09\/13\/etiqueta-vestimenta\/#respond"]}]},{"@type":"WebPage","@id":"https:\/\/alumniberoleon.org\/index.php\/2023\/09\/13\/etiqueta-vestimenta\/","url":"https:\/\/alumniberoleon.org\/index.php\/2023\/09\/13\/etiqueta-vestimenta\/","name":"La importancia de la etiqueta de vestimenta en Eventos Sociales - Alumni Ibero Le\u00f3n","isPartOf":{"@id":"https:\/\/alumniberoleon.org\/#website"},"primaryImageOfPage":{"@id":"https:\/\/alumniberoleon.org\/index.php\/2023\/09\/13\/etiqueta-vestimenta\/#primaryimage"},"image":{"@id":"https:\/\/alumniberoleon.org\/index.php\/2023\/09\/13\/etiqueta-vestimenta\/#primaryimage"},"thumbnailUrl":"https:\/\/alumniberoleon.org\/wp-content\/uploads\/2023\/09\/formales.png","datePublished":"2023-09-13T18:29:45+00:00","dateModified":"2023-09-13T18:34:15+00:00","breadcrumb":{"@id":"https:\/\/alumniberoleon.org\/index.php\/2023\/09\/13\/etiqueta-vestimenta\/#breadcrumb"},"inLanguage":"es","potentialAction":[{"@type":"ReadAction","target":["https:\/\/alumniberoleon.org\/index.php\/2023\/09\/13\/etiqueta-vestimenta\/"]}]},{"@type":"ImageObject","inLanguage":"es","@id":"https:\/\/alumniberoleon.org\/index.php\/2023\/09\/13\/etiqueta-vestimenta\/#primaryimage","url":"https:\/\/alumniberoleon.org\/wp-content\/uploads\/2023\/09\/formales.png","contentUrl":"https:\/\/alumniberoleon.org\/wp-content\/uploads\/2023\/09\/formales.png","width":1200,"height":800},{"@type":"BreadcrumbList","@id":"https:\/\/alumniberoleon.org\/index.php\/2023\/09\/13\/etiqueta-vestimenta\/#breadcrumb","itemListElement":[{"@type":"ListItem","position":1,"name":"Portada","item":"https:\/\/alumniberoleon.org\/"},{"@type":"ListItem","position":2,"name":"La importancia de la etiqueta de vestimenta en Eventos Sociales"}]},{"@type":"WebSite","@id":"https:\/\/alumniberoleon.org\/#website","url":"https:\/\/alumniberoleon.org\/","name":"Alumni Ibero Le\u00f3n","description":"Activando la comunidad de exalumn@s de la Universidad Iberoamericana Le\u00f3n","publisher":{"@id":"https:\/\/alumniberoleon.org\/#organization"},"potentialAction":[{"@type":"SearchAction","target":{"@type":"EntryPoint","urlTemplate":"https:\/\/alumniberoleon.org\/?s={search_term_string}"},"query-input":{"@type":"PropertyValueSpecification","valueRequired":true,"valueName":"search_term_string"}}],"inLanguage":"es"},{"@type":"Organization","@id":"https:\/\/alumniberoleon.org\/#organization","name":"Alumni Ibero Le\u00f3n","url":"https:\/\/alumniberoleon.org\/","logo":{"@type":"ImageObject","inLanguage":"es","@id":"https:\/\/alumniberoleon.org\/#\/schema\/logo\/image\/","url":"https:\/\/alumniberoleon.org\/wp-content\/uploads\/2025\/08\/Captura-de-pantalla-2025-08-16-a-las-5.02.38-p.-m.png","contentUrl":"https:\/\/alumniberoleon.org\/wp-content\/uploads\/2025\/08\/Captura-de-pantalla-2025-08-16-a-las-5.02.38-p.-m.png","width":296,"height":260,"caption":"Alumni Ibero Le\u00f3n"},"image":{"@id":"https:\/\/alumniberoleon.org\/#\/schema\/logo\/image\/"}},{"@type":"Person","@id":"https:\/\/alumniberoleon.org\/#\/schema\/person\/80250aa7660a461cd6c700236dc7aab3","name":"alumniiberoleon","image":{"@type":"ImageObject","inLanguage":"es","@id":"https:\/\/alumniberoleon.org\/#\/schema\/person\/image\/","url":"https:\/\/secure.gravatar.com\/avatar\/bef59e3989d7017facdb20c9913a5ea420050b30fbc945cc769983fffe6c8e15?s=96&d=mm&r=g","contentUrl":"https:\/\/secure.gravatar.com\/avatar\/bef59e3989d7017facdb20c9913a5ea420050b30fbc945cc769983fffe6c8e15?s=96&d=mm&r=g","caption":"alumniiberoleon"},"url":"https:\/\/alumniberoleon.org\/index.php\/author\/mariomondra\/"}]}},"_links":{"self":[{"href":"https:\/\/alumniberoleon.org\/index.php\/wp-json\/wp\/v2\/posts\/1745","targetHints":{"allow":["GET"]}}],"collection":[{"href":"https:\/\/alumniberoleon.org\/index.php\/wp-json\/wp\/v2\/posts"}],"about":[{"href":"https:\/\/alumniberoleon.org\/index.php\/wp-json\/wp\/v2\/types\/post"}],"author":[{"embeddable":true,"href":"https:\/\/alumniberoleon.org\/index.php\/wp-json\/wp\/v2\/users\/2"}],"replies":[{"embeddable":true,"href":"https:\/\/alumniberoleon.org\/index.php\/wp-json\/wp\/v2\/comments?post=1745"}],"version-history":[{"count":4,"href":"https:\/\/alumniberoleon.org\/index.php\/wp-json\/wp\/v2\/posts\/1745\/revisions"}],"predecessor-version":[{"id":1754,"href":"https:\/\/alumniberoleon.org\/index.php\/wp-json\/wp\/v2\/posts\/1745\/revisions\/1754"}],"wp:attachment":[{"href":"https:\/\/alumniberoleon.org\/index.php\/wp-json\/wp\/v2\/media?parent=1745"}],"wp:term":[{"taxonomy":"category","embeddable":true,"href":"https:\/\/alumniberoleon.org\/index.php\/wp-json\/wp\/v2\/categories?post=1745"},{"taxonomy":"post_tag","embeddable":true,"href":"https:\/\/alumniberoleon.org\/index.php\/wp-json\/wp\/v2\/tags?post=1745"}],"curies":[{"name":"wp","href":"https:\/\/api.w.org\/{rel}","templated":true}]}}